{"id":62736,"date":"2025-04-29T21:12:08","date_gmt":"2025-04-29T21:12:08","guid":{"rendered":"https:\/\/www.europesays.com\/fr\/62736\/"},"modified":"2025-04-29T21:12:08","modified_gmt":"2025-04-29T21:12:08","slug":"le-xiaomi-smart-projector-l1-pro-devient-notre-recommandation-de-videoprojecteur-pas-cher-frandroid","status":"publish","type":"post","link":"https:\/\/www.europesays.com\/fr\/62736\/","title":{"rendered":"Le Xiaomi Smart Projector L1 Pro devient notre recommandation de vid\u00e9oprojecteur pas cher &#8211; Frandroid"},"content":{"rendered":"<ol>\n<li><a href=\"https:\/\/news.google.com\/rss\/articles\/CBMigwJBVV95cUxOVmREVWs1Vkt1cTFCbW9KSFViN3FLbU5mSkxTeW5MR3htVFVlVllqcEhhZXR5NDhpemhLWjRYN0ZrTm12WWdCNGZlLTFoY0gtcFQ2aUt5QkZvT0pxZ25MV1QtVXZLWWVnZW44NFJYN3VNaUE3UVJ4c0puUFVQTW9sRzFUV0w2RFRVLXIwem1HcERCWUx3WXB4N290TGNYRUtQT29pSTJjaXh2WjZKdHVNM1ByZFc3WGJSUnRoUjE1MnkzTlNVem9PTnFib2sybnJqNlgyOVltOGg2aWU2ZjdRbVVKTk9rR0NrTXI1WGZJbk9mb0FfRnA1alNXdEtrR1RQbW5V?oc=5\" target=\"_blank\" rel=\"noopener\">Le Xiaomi Smart Projector L1 Pro devient notre recommandation de vid\u00e9oprojecteur pas cher<\/a>&nbsp;&nbsp;Frandroid<\/li>\n<li><a href=\"https:\/\/news.google.com\/rss\/articles\/CBMilgFBVV95cUxQd3EyWmkyX29vdVU2NTk5WWdoeFZXNVJROE5UdlQzV0U2N3Z1VHl4OWFHajRKZGlZTGJ2RlBkNWxXdjZFOTVYdWNTZHJPLVF5bVhISV92Z3FaMFZ4VDBKRnd2U0VUa1dGdXZMU0NpcW1lcEQwZFhDMDFHckJISGRiVnNhRHZTUXFrWklVTzhzdDZKcTBqdHc?oc=5\" target=\"_blank\" rel=\"noopener\">Redmi lance un projecteur domestique intelligent pour seulement 2,5 millions de VND<\/a>&nbsp;&nbsp;Vietnam.vn<\/li>\n<li><a href=\"https:\/\/news.google.com\/rss\/articles\/CBMiygFBVV95cUxPQVpEdzVQT1p3X0Z5Yzd5aEtpZFlZY0R5WThaTU5tWGRTSVJfdlc3cVAwcDNHaDhqM1ZQelgya08yWlp3SjhZQzdpUE9OZXFnMUhpbDloU2NiWmtUMjZybFk0QkRUZnlLbm4zRmJid1VsSGkydGNQMm9IS3F3S3ZXdHppU2pMZlBZNUZMS0FWeFNlQUtDTnFRclFzNDNSWG1WTUdCQWhmRWdoaEVRQUFTM00ycEx2bmVRajVRcWhzdmVHY01fWlR3eDR3?oc=5\" target=\"_blank\" rel=\"noopener\">Le nouveau vid\u00e9oprojecteur compact de Xiaomi avec Google TV se trouve d\u00e9j\u00e0 en promotion<\/a>&nbsp;&nbsp;Numerama<\/li>\n<li><a href=\"https:\/\/news.google.com\/rss\/articles\/CBMixwFBVV95cUxQajI2SEwtX1FsOHptTlFwUDlsY2FRU1lEcXFRLXN5cHNLTERkQXEyR3JOS3hQd2hnRE53ZUtKTXNweWJMZGtMbGw2bUNUa3VGdEVDWUxEU2hhQnF6WEp4Nll1UDRsU19MMDIxaUQ5eWl6UXpidzhNUWdKUjU4VG5VVXl1U0RrcmozLXBPdkx1dzA1a096V2FLbktSLUViZEVtRk9HREZfNkllTmV3S3VOX0JmRl9vckctd0FnVkI4OHFJYi1aYU5N?oc=5\" target=\"_blank\" rel=\"noopener\">Test du Xiaomi Smart Projector L1 Pro : un vid\u00e9oprojecteur compact sous Google TV qui fait le job<\/a>&nbsp;&nbsp;Frandroid<\/li>\n<li><a href=\"https:\/\/news.google.com\/rss\/articles\/CBMi6gFBVV95cUxQbUNpNDJHLXFTUDRTOVJaNVhZYzZVR0xPbE1WTGxkU0dsQnpwcm1xM2tDd0pUc1FuckxoZk02c2RyTm9wWUxXSFd0YXFQdTFSM2JmSDFPaTNfdTNmR1ZvRkplSWV3OXExTzdadEpXY01KMGRUaDhqMWZXUENjMGFZWWxxVnVMbHFESkhHRlo3LXdRZHFRemplajRCelI1anR2eDh2Q1NuenB5YWY0RVRYcF9lNGszQU5NaDZ0bEJ2X1FSZ3hQMml5VGVmRUg4MW9NUlZpMUxJWEtaR3hFMEs2NDNvWUJQcVFwWVE?oc=5\" target=\"_blank\" rel=\"noopener\">Xiaomi baisse d\u00e9j\u00e0 le prix de son nouveau vid\u00e9oprojecteur abordable, le Smart Projector L1, \u00e9quip\u00e9 de Google TV<\/a>&nbsp;&nbsp;Frandroid<\/li>\n<\/ol>\n","protected":false},"excerpt":{"rendered":"Le Xiaomi Smart Projector L1 Pro devient notre recommandation de vid\u00e9oprojecteur pas cher&nbsp;&nbsp;Frandroid Redmi lance un projecteur domestique&hellip;\n","protected":false},"author":2,"featured_media":62737,"comment_status":"","ping_status":"","sticky":false,"template":"","format":"standard","meta":{"footnotes":""},"categories":[7],"tags":[1011,27,15709,43,40,41,39,42,44,15340],"class_list":{"0":"post-62736","1":"post","2":"type-post","3":"status-publish","4":"format-standard","5":"has-post-thumbnail","7":"category-sciences-et-technologies","8":"tag-fr","9":"tag-france","10":"tag-recommandation-frandroid","11":"tag-science","12":"tag-science-and-technology","13":"tag-sciences","14":"tag-sciences-et-technologies","15":"tag-technologies","16":"tag-technology","17":"tag-xiaomi-smart-projector-l1-pro"},"share_on_mastodon":{"url":"https:\/\/pubeurope.com\/@fr\/114423316622441977","error":""},"_links":{"self":[{"href":"https:\/\/www.europesays.com\/fr\/wp-json\/wp\/v2\/posts\/62736","targetHints":{"allow":["GET"]}}],"collection":[{"href":"https:\/\/www.europesays.com\/fr\/wp-json\/wp\/v2\/posts"}],"about":[{"href":"https:\/\/www.europesays.com\/fr\/wp-json\/wp\/v2\/types\/post"}],"author":[{"embeddable":true,"href":"https:\/\/www.europesays.com\/fr\/wp-json\/wp\/v2\/users\/2"}],"replies":[{"embeddable":true,"href":"https:\/\/www.europesays.com\/fr\/wp-json\/wp\/v2\/comments?post=62736"}],"version-history":[{"count":0,"href":"https:\/\/www.europesays.com\/fr\/wp-json\/wp\/v2\/posts\/62736\/revisions"}],"wp:featuredmedia":[{"embeddable":true,"href":"https:\/\/www.europesays.com\/fr\/wp-json\/wp\/v2\/media\/62737"}],"wp:attachment":[{"href":"https:\/\/www.europesays.com\/fr\/wp-json\/wp\/v2\/media?parent=62736"}],"wp:term":[{"taxonomy":"category","embeddable":true,"href":"https:\/\/www.europesays.com\/fr\/wp-json\/wp\/v2\/categories?post=62736"},{"taxonomy":"post_tag","embeddable":true,"href":"https:\/\/www.europesays.com\/fr\/wp-json\/wp\/v2\/tags?post=62736"}],"curies":[{"name":"wp","href":"https:\/\/api.w.org\/{rel}","templated":true}]}}