{"id":627362,"date":"2025-12-29T10:29:15","date_gmt":"2025-12-29T10:29:15","guid":{"rendered":"https:\/\/www.europesays.com\/fr\/627362\/"},"modified":"2025-12-29T10:29:15","modified_gmt":"2025-12-29T10:29:15","slug":"en-direct-guerre-en-ukraine-donald-trump-evoque-de-nombreux-progres-apres-sa-rencontre-avec-volodymyr-zelensky","status":"publish","type":"post","link":"https:\/\/www.europesays.com\/fr\/627362\/","title":{"rendered":"En direct, Guerre en Ukraine \u2013 Donald Trump \u00e9voque \u00abde nombreux progr\u00e8s\u00bb apr\u00e8s sa rencontre avec Volodymyr Zelensky"},"content":{"rendered":"<p>        10:42<\/p>\n<p>      Volodymyr Zelensky dit que Donald Trump lui a propos\u00e9 des garanties de s\u00e9curit\u00e9 \u00absolides\u00bb pour quinze ans<\/p>\n<p>              <a tabindex=\"-1\" title=\"Le Temps avec l\u2019AFP\" href=\"https:\/\/www.letemps.ch\/profil\/le-temps-avec-l-afp\" target=\"_blank\" rel=\"noopener\"><\/p>\n<p>                    <img decoding=\"async\" src=\"https:\/\/www.europesays.com\/fr\/wp-content\/uploads\/2025\/12\/small.jpeg\" class=\"lazy\" alt=\"\"\/><\/p>\n<p><\/a>        <\/p>\n<p>Les Etats-Unis ont propos\u00e9 \u00e0 l\u2019Ukraine des garanties de s\u00e9curit\u00e9 \u00absolides\u00bb pour une p\u00e9riode de 15\u00a0ans prolongeable face \u00e0 la Russie, indique lundi le pr\u00e9sident ukrainien Volodymyr Zelensky, ajoutant avoir demand\u00e9 \u00e0 Washington une dur\u00e9e plus longue lors de sa rencontre dimanche avec Donald Trump.<\/p>\n<p>\u00abJe voulais vraiment que ces garanties soient plus longues. Et je lui ai dit que nous voulons vraiment consid\u00e9rer la possibilit\u00e9 de 30, 40, 50\u00a0ans\u00bb, d\u00e9clare Volodymyr Zelensky, lors d\u2019une conf\u00e9rence de presse en ligne. Le pr\u00e9sident ukrainien dit que son homologue am\u00e9ricain lui a assur\u00e9 qu\u2019il r\u00e9fl\u00e9chirait \u00e0 cette possibilit\u00e9.<\/p>\n<p>        10:02<\/p>\n<p>      Le th\u00e9\u00e2tre de Marioupol bombard\u00e9 rouvre ses portes en Ukraine occup\u00e9e<\/p>\n<p>              <a tabindex=\"-1\" title=\"Le Temps avec l\u2019AFP\" href=\"https:\/\/www.letemps.ch\/profil\/le-temps-avec-l-afp\" target=\"_blank\" rel=\"noopener\"><\/p>\n<p>                    <img decoding=\"async\" src=\"https:\/\/www.europesays.com\/fr\/wp-content\/uploads\/2025\/12\/small.jpeg\" class=\"lazy\" alt=\"\"\/><\/p>\n<p><\/a>        <\/p>\n<p>Le th\u00e9\u00e2tre central de Marioupol, bombard\u00e9 en 2022 et laiss\u00e9 en ruines, a rouvert dimanche ses portes dans l\u2019est de l\u2019Ukraine contr\u00f4l\u00e9 par la Russie, annoncent les autorit\u00e9s locales mises en place par Moscou.<\/p>\n<p>La Russie, qui a envahi l\u2019Ukraine depuis bient\u00f4t quatre ans, contr\u00f4le cette cit\u00e9 baln\u00e9aire traditionnellement russophone, sur les rives de la mer d&rsquo;Azov, depuis mai 2022. Une conqu\u00eate obtenue apr\u00e8s un si\u00e8ge qui a fait 22\u00a0000 morts civiles d\u2019apr\u00e8s la municipalit\u00e9 ukrainienne en exil de Marioupol, et d\u00e9truit ou endommag\u00e9 90% des b\u00e2timents r\u00e9sidentiels, selon l\u2019ONU.<\/p>\n<p>  <a class=\"glightbox\" href=\"https:\/\/www.letemps.ch\/placeholder.png\" data-type=\"image\" data-description=\"Travaux de d\u00e9blaiement dans le th\u00e9\u00e2tre de Marioupol, dans le sud de l&#039;Ukraine occup\u00e9e par la Russie, en mai 2022 \u2014 \u00a9 keystone-sda.ch\" data- target=\"_blank\" rel=\"noopener\"><\/p>\n<p>      <img decoding=\"async\" class=\"lazy\" title=\"Travaux de d\u00e9blaiement dans le th\u00e9\u00e2tre de Marioupol, dans le sud de l'Ukraine occup\u00e9e par la Russie, en mai 2022 \u2014 \u00a9 keystone-sda.ch\" alt=\"Travaux de d\u00e9blaiement dans le th\u00e9\u00e2tre de Marioupol, dans le sud de l'Ukraine occup\u00e9e par la Russie, en mai 2022 \u2014 \u00a9 keystone-sda.ch\" src=\"https:\/\/www.europesays.com\/fr\/wp-content\/uploads\/2025\/12\/1767004155_199_medium.jpeg\"\/><\/p>\n<p>  <\/a><br \/>\n  Travaux de d\u00e9blaiement dans le th\u00e9\u00e2tre de Marioupol, dans le sud de l&rsquo;Ukraine occup\u00e9e par la Russie, en mai 2022 \u2014 \u00a9 keystone-sda.ch<\/p>\n<p>Selon Amnesty International, le bombardement du th\u00e9\u00e2tre de Marioupol en mars 2022, dont l\u2019ONG est \u00abpresque certaine\u00bb qu\u2019il a \u00e9t\u00e9 commis par l\u2019arm\u00e9e russe, avait tu\u00e9 \u00abau moins une douzaine de personnes et sans doute beaucoup plus\u00bb. L\u2019ONG, <a href=\"https:\/\/www.amnesty.org\/en\/latest\/news\/2022\/06\/ukraine-deadly-mariupol-theatre-strike-a-clear-war-crime-by-russian-forces-new-investigation\/\" rel=\"nofollow noopener\" target=\"_blank\">dans une enqu\u00eate minutieuse publi\u00e9e en juin 2022<\/a>, avait d\u00e9nonc\u00e9 une attaque d\u00e9lib\u00e9r\u00e9e, un crime de guerre. Devant le b\u00e2timent abritant des d\u00e9plac\u00e9s, les habitants avaient inscrit \u00abenfants\u00bb en cyrillique, esp\u00e9rant conjurer les bombardements.<\/p>\n<p>        07:31<\/p>\n<p>      Sanctions: une soci\u00e9t\u00e9 zougoise attaque la Lituanie\u00a0<\/p>\n<p>              <a tabindex=\"-1\" title=\"Le Temps avec l\u2019ATS\" href=\"https:\/\/www.letemps.ch\/profil\/le-temps-avec-l-ats\" target=\"_blank\" rel=\"noopener\"><\/p>\n<p>                    <img decoding=\"async\" src=\"https:\/\/www.europesays.com\/fr\/wp-content\/uploads\/2025\/12\/small.jpeg\" class=\"lazy\" alt=\"\"\/><\/p>\n<p><\/a>        <\/p>\n<p>Une soci\u00e9t\u00e9 bas\u00e9e \u00e0 Zoug a d\u00e9pos\u00e9 une plainte contre la Lituanie devant un tribunal arbitral international \u00e0 La Haye dans le cadre des sanctions impos\u00e9es apr\u00e8s l&rsquo;attaque de l&rsquo;Ukraine par la Russie, \u00e9crivent lundi l&rsquo;Aargauer Zeitung, la Luzerner Zeitung et le St. Galler Tagblatt. L&rsquo;affaire est directement li\u00e9e aux int\u00e9r\u00eats commerciaux d&rsquo;un n\u00e9gociant en engrais lituanien et d&rsquo;un groupe bi\u00e9lorusse sp\u00e9cialis\u00e9 dans les engrais, qui figure sur la liste des sanctions des \u00c9tats-Unis, de l&rsquo;UE et de la Suisse. Les sanctions am\u00e9ricaines ont pratiquement paralys\u00e9 les affaires du n\u00e9gociant lituanien. La soci\u00e9t\u00e9-\u00e9cran zougoise, qui n&#8217;emploie aucun salari\u00e9, sert de couverture \u00e0 deux entreprises du n\u00e9gociant en engrais. Dans sa plainte, la soci\u00e9t\u00e9 s&rsquo;appuie sur l&rsquo;accord de protection des investissements entre la Suisse et la Lituanie.<\/p>\n<p>        04:14<\/p>\n<p>      Emmanuel Macron annonce une r\u00e9union des alli\u00e9s de Kiev d\u00e9but janvier \u00e0 Paris<\/p>\n<p>              <a tabindex=\"-1\" title=\"Le Temps avec l\u2019AFP\" href=\"https:\/\/www.letemps.ch\/profil\/le-temps-avec-l-afp\" target=\"_blank\" rel=\"noopener\"><\/p>\n<p>                    <img decoding=\"async\" src=\"https:\/\/www.europesays.com\/fr\/wp-content\/uploads\/2025\/12\/small.jpeg\" class=\"lazy\" alt=\"\"\/><\/p>\n<p><\/a>        <\/p>\n<p>Le pr\u00e9sident fran\u00e7ais a annonc\u00e9 une r\u00e9union des alli\u00e9s de Kiev \u00e0 Paris d\u00e9but janvier autour des garanties de s\u00e9curit\u00e9 pour l&rsquo;Ukraine dans le cadre d&rsquo;un accord de paix avec la Russie.<\/p>\n<p>\u00abNous r\u00e9unirons les pays de la Coalition des volontaires \u00e0 Paris d\u00e9but janvier pour finaliser les contributions concr\u00e8tes de chacun\u00bb, a \u00e9crit sur X Emmanuel Macron, qui avait auparavant \u00e9chang\u00e9 avec ses homologues ukrainien Volodymyr Zelensky et am\u00e9ricain Donald Trump.<\/p>\n<blockquote class=\"twitter-tweet\" data-dnt=\"true\" align=\"center\">\n<p lang=\"en\" dir=\"ltr\">Along with several other European leaders, I took part this evening in an exchange with Presidents <a href=\"https:\/\/twitter.com\/ZelenskyyUa?ref_src=twsrc%5Etfw\" target=\"_blank\" rel=\"noopener\">@ZelenskyyUa<\/a> and <a href=\"https:\/\/twitter.com\/realDonaldTrump?ref_src=twsrc%5Etfw\" target=\"_blank\" rel=\"noopener\">@realDonaldTrump<\/a>. I then spoke with President Zelensky.<\/p>\n<p>We are making progress on the security guarantees that will be central to building a just and lasting\u2026<\/p>\n<p>\u2014 Emmanuel Macron (@EmmanuelMacron) <a href=\"https:\/\/twitter.com\/EmmanuelMacron\/status\/2005430041782759531?ref_src=twsrc%5Etfw\" target=\"_blank\" rel=\"noopener\">December 29, 2025<\/a>\n<\/p><\/blockquote>\n<p>        04:10<\/p>\n<p>      Donald Trump estime que les semaines \u00e0 venir diront si la guerre peut prendre fin<\/p>\n<p>              <a tabindex=\"-1\" title=\"Le Temps avec l\u2019AFP\" href=\"https:\/\/www.letemps.ch\/profil\/le-temps-avec-l-afp\" target=\"_blank\" rel=\"noopener\"><\/p>\n<p>                    <img decoding=\"async\" src=\"https:\/\/www.europesays.com\/fr\/wp-content\/uploads\/2025\/12\/small.jpeg\" class=\"lazy\" alt=\"\"\/><\/p>\n<p><\/a>        <\/p>\n<p>Donald Trump a dit dimanche que les conclusions des n\u00e9gociations sur un accord de paix entre l&rsquo;Ukraine et la Russie pourraient \u00eatre connues dans les semaines \u00e0 venir.<\/p>\n<p>\u00abJe pense que dans quelques semaines, nous saurons d&rsquo;une mani\u00e8re ou d&rsquo;une autre\u00bb si les pourparlers ont port\u00e9 leurs fruits, a d\u00e9clar\u00e9 le pr\u00e9sident am\u00e9ricain \u00e0 l&rsquo;issue de son entretien en Floride avec son homologue ukrainien Volodymyr Zelensky, ajoutant que les n\u00e9gociations ont \u00e9t\u00e9 \u00abtr\u00e8s difficiles\u00bb.<\/p>\n<p>Interrog\u00e9 sur une \u00e9ventuelle visite en Ukraine, Donald Trump n&rsquo;a pas \u00e9cart\u00e9 la possibilit\u00e9, d\u00e9clarant: \u00abJ&rsquo;ai propos\u00e9 d&rsquo;y aller et de parler devant leur Parlement\u00bb.<\/p>\n<p>        04:10<\/p>\n<p>      De \u00abnombreux progr\u00e8s\u00bb r\u00e9alis\u00e9s pour arr\u00eater la guerre, assure Donald Trump<\/p>\n<p>              <a tabindex=\"-1\" title=\"Le Temps avec l\u2019ATS\" href=\"https:\/\/www.letemps.ch\/profil\/le-temps-avec-l-ats\" target=\"_blank\" rel=\"noopener\"><\/p>\n<p>                    <img decoding=\"async\" src=\"https:\/\/www.europesays.com\/fr\/wp-content\/uploads\/2025\/12\/small.jpeg\" class=\"lazy\" alt=\"\"\/><\/p>\n<p><\/a>        <\/p>\n<p>Le pr\u00e9sident am\u00e9ricain Donald Trump a d\u00e9clar\u00e9 dimanche que \u00abde nombreux progr\u00e8s\u00bb pour \u00abmettre fin \u00e0 la guerre\u00bb entre l&rsquo;Ukraine et la Russie ont \u00e9t\u00e9 r\u00e9alis\u00e9s lors de son entretien avec son homologue ukrainien Volodymyr Zelensky.<\/p>\n<p>\u00abNous nous rapprochons beaucoup, peut-\u00eatre m\u00eame de tr\u00e8s pr\u00e8s\u00bb d&rsquo;un accord sur le Donbass, a ajout\u00e9 Donald Trump lors d&rsquo;une conf\u00e9rence de presse dans sa r\u00e9sidence en Floride. Une rencontre aux Etats-Unis avec Volodymyr Zelensky et les dirigeants europ\u00e9ens est pr\u00e9vue en janvier, a d\u00e9clar\u00e9 le pr\u00e9sident ukrainien.<\/p>\n<p>  <script async src=\"https:\/\/platform.twitter.com\/widgets.js\" charset=\"utf-8\"><\/script><\/p>\n","protected":false},"excerpt":{"rendered":"10:42 Volodymyr Zelensky dit que Donald Trump lui a propos\u00e9 des garanties de s\u00e9curit\u00e9 \u00absolides\u00bb pour quinze ans&hellip;\n","protected":false},"author":2,"featured_media":627363,"comment_status":"","ping_status":"","sticky":false,"template":"","format":"standard","meta":{"footnotes":""},"categories":[1590],"tags":[11,1777,674,4438,12,132,220],"class_list":{"0":"post-627362","1":"post","2":"type-post","3":"status-publish","4":"format-standard","5":"has-post-thumbnail","7":"category-ukraine","8":"tag-actualites","9":"tag-eu","10":"tag-europe","11":"tag-free","12":"tag-news","13":"tag-russie","14":"tag-ukraine"},"share_on_mastodon":{"url":"https:\/\/pubeurope.com\/@fr\/115802391941117906","error":""},"_links":{"self":[{"href":"https:\/\/www.europesays.com\/fr\/wp-json\/wp\/v2\/posts\/627362","targetHints":{"allow":["GET"]}}],"collection":[{"href":"https:\/\/www.europesays.com\/fr\/wp-json\/wp\/v2\/posts"}],"about":[{"href":"https:\/\/www.europesays.com\/fr\/wp-json\/wp\/v2\/types\/post"}],"author":[{"embeddable":true,"href":"https:\/\/www.europesays.com\/fr\/wp-json\/wp\/v2\/users\/2"}],"replies":[{"embeddable":true,"href":"https:\/\/www.europesays.com\/fr\/wp-json\/wp\/v2\/comments?post=627362"}],"version-history":[{"count":0,"href":"https:\/\/www.europesays.com\/fr\/wp-json\/wp\/v2\/posts\/627362\/revisions"}],"wp:featuredmedia":[{"embeddable":true,"href":"https:\/\/www.europesays.com\/fr\/wp-json\/wp\/v2\/media\/627363"}],"wp:attachment":[{"href":"https:\/\/www.europesays.com\/fr\/wp-json\/wp\/v2\/media?parent=627362"}],"wp:term":[{"taxonomy":"category","embeddable":true,"href":"https:\/\/www.europesays.com\/fr\/wp-json\/wp\/v2\/categories?post=627362"},{"taxonomy":"post_tag","embeddable":true,"href":"https:\/\/www.europesays.com\/fr\/wp-json\/wp\/v2\/tags?post=627362"}],"curies":[{"name":"wp","href":"https:\/\/api.w.org\/{rel}","templated":true}]}}