{"id":627365,"date":"2025-12-29T10:31:12","date_gmt":"2025-12-29T10:31:12","guid":{"rendered":"https:\/\/www.europesays.com\/fr\/627365\/"},"modified":"2025-12-29T10:31:12","modified_gmt":"2025-12-29T10:31:12","slug":"le-royaume-uni-de-retour-dans-erasmus","status":"publish","type":"post","link":"https:\/\/www.europesays.com\/fr\/627365\/","title":{"rendered":"Le Royaume-Uni de retour dans Erasmus+"},"content":{"rendered":"<p>Sept ans apr\u00e8s sa sortie du programme Erasmus+ \u00e0 la suite du Brexit, le Royaume-Uni signe son retour pour 2027.<\/p>\n<p>Contexte<\/p>\n<p>Le <a href=\"https:\/\/www.consilium.europa.eu\/fr\/policies\/the-eu-uk-withdrawal-agreement\/\" target=\"_blank\" rel=\"noopener\" class=\"broken_link\"><strong data-start=\"203\" data-end=\"213\">Brexit<\/strong> <\/a>d\u00e9signe le retrait du Royaume-Uni de l\u2019Union europ\u00e9enne, effectif depuis le <strong data-start=\"290\" data-end=\"310\">1er f\u00e9vrier 2020<\/strong>, \u00e0 l\u2019issue du r\u00e9f\u00e9rendum britannique de 2016. Cette sortie a entra\u00een\u00e9 la fin de la participation automatique du Royaume-Uni \u00e0 plusieurs programmes europ\u00e9ens, dont <strong data-start=\"474\" data-end=\"486\"><a href=\"https:\/\/erasmus-plus.ec.europa.eu\/fr\" target=\"_blank\" rel=\"noopener\">Erasmus<\/a>+<\/strong>, le programme de l\u2019Union europ\u00e9enne d\u00e9di\u00e9 \u00e0 l\u2019\u00e9ducation, \u00e0 la formation, \u00e0 la jeunesse et au sport. Erasmus+ soutient notamment la <strong data-start=\"618\" data-end=\"690\">mobilit\u00e9 des \u00e9tudiants, des apprentis, des enseignants et des jeunes<\/strong>, ainsi que la coop\u00e9ration entre \u00e9tablissements et organisations \u00e0 l\u2019\u00e9chelle europ\u00e9enne. Avant le Brexit, le Royaume-Uni figurait parmi les principaux pays participants au programme, tant pour l\u2019accueil que pour l\u2019envoi de b\u00e9n\u00e9ficiaires.<\/p>\n<p><strong data-start=\"197\" data-end=\"249\">Un accord officialis\u00e9 entre Londres et Bruxelles<\/strong><\/p>\n<p data-start=\"251\" data-end=\"600\">La <strong data-start=\"254\" data-end=\"279\">Commission europ\u00e9enne<\/strong> et le <strong data-start=\"286\" data-end=\"301\">Royaume-Uni<\/strong> ont annonc\u00e9, le 17 d\u00e9cembre 2025, la finalisation des n\u00e9gociations en vue de l\u2019association de Londres au programme <strong data-start=\"412\" data-end=\"441\">Erasmus+ \u00e0 partir de 2027<\/strong>. L\u2019accord a \u00e9t\u00e9 confirm\u00e9 par un communiqu\u00e9 conjoint du commissaire europ\u00e9en comp\u00e9tent, <strong data-start=\"529\" data-end=\"541\">\u0160EF\u010cOVI\u010c<\/strong>, et du ministre britannique du Tr\u00e9sor, <strong data-start=\"581\" data-end=\"599\">THOMAS-SYMONDS<\/strong>.<\/p>\n<p data-start=\"602\" data-end=\"861\">Les deux parties soulignent que les modalit\u00e9s arr\u00eat\u00e9es, notamment sur le plan financier, assurent \u00ab un juste \u00e9quilibre entre les contributions du Royaume-Uni et les avantages offerts par le programme \u00bb, permettant une participation pleine et enti\u00e8re d\u00e8s 2027.<\/p>\n<p><strong data-start=\"872\" data-end=\"911\">Des modalit\u00e9s financi\u00e8res encadr\u00e9es<\/strong><\/p>\n<p data-start=\"913\" data-end=\"1289\">Selon les informations relay\u00e9es par les m\u00e9dias britanniques, le Royaume-Uni devrait contribuer \u00e0 hauteur de <strong data-start=\"1021\" data-end=\"1047\">570 millions de livres<\/strong> pour rejoindre Erasmus+. Cette contribution ouvre l\u2019acc\u00e8s au programme pour les \u00e9tudiants, apprentis, enseignants, jeunes et personnels des secteurs de l\u2019\u00e9ducation, de la jeunesse et du sport, tant au Royaume-Uni que dans l\u2019Union europ\u00e9enne.<\/p>\n<p data-start=\"1291\" data-end=\"1551\">Avant le Brexit, le Royaume-Uni figurait parmi les principaux pays participants \u00e0 Erasmus+, avec pr\u00e8s de <strong data-start=\"1396\" data-end=\"1429\">18 300 \u00e9tudiants britanniques<\/strong> partant chaque ann\u00e9e \u00e9tudier dans l\u2019Union europ\u00e9enne et environ <strong data-start=\"1494\" data-end=\"1524\">30 000 \u00e9tudiants europ\u00e9ens<\/strong> accueillis au Royaume-Uni.<\/p>\n<p><strong data-start=\"1562\" data-end=\"1622\">Un signal politique dans le rapprochement UE\u2013Royaume-Uni<\/strong><\/p>\n<p data-start=\"1624\" data-end=\"1918\">Le retour du Royaume-Uni dans Erasmus+ s\u2019inscrit dans un contexte plus large de <strong data-start=\"1704\" data-end=\"1750\">r\u00e9chauffement des relations UE\u2013Royaume-Uni<\/strong>. Le 19 mai, \u00e0 Londres, les deux blocs avaient act\u00e9 un rapprochement dans plusieurs domaines cl\u00e9s, dont la mobilit\u00e9 de la jeunesse, la d\u00e9fense, la p\u00eache et le commerce.<\/p>\n<p data-start=\"1920\" data-end=\"2074\">Cet accord est ainsi per\u00e7u comme une \u00e9tape concr\u00e8te dans la red\u00e9finition des relations post-Brexit, fond\u00e9e sur une coop\u00e9ration pragmatique et sectorielle.<\/p>\n<p><strong data-start=\"2085\" data-end=\"2160\">Une relance de la mobilit\u00e9 \u00e9ducative et de la coop\u00e9ration universitaire<\/strong><\/p>\n<p data-start=\"2162\" data-end=\"2500\">Le programme Erasmus+ permettra \u00e0 nouveau des <strong data-start=\"2208\" data-end=\"2256\">p\u00e9riodes d\u2019\u00e9tudes, de stages et d\u2019alternance<\/strong>, notamment au sein d\u2019universit\u00e9s britanniques de renomm\u00e9e mondiale et d\u2019entreprises europ\u00e9ennes de premier plan. Il favorisera \u00e9galement la coop\u00e9ration interuniversitaire, en particulier \u00e0 travers les <strong data-start=\"2458\" data-end=\"2499\">alliances des universit\u00e9s europ\u00e9ennes<\/strong>.<\/p>\n<p data-start=\"2502\" data-end=\"2746\">Plusieurs organisations du secteur de l\u2019enseignement sup\u00e9rieur, dont <strong data-start=\"2571\" data-end=\"2604\">Universities UK International<\/strong> et l\u2019<strong data-start=\"2610\" data-end=\"2653\">Association des universit\u00e9s europ\u00e9ennes<\/strong>, ont salu\u00e9 la rapidit\u00e9 des n\u00e9gociations et le caract\u00e8re mutuellement avantageux de l\u2019accord.<\/p>\n<p><strong data-start=\"2757\" data-end=\"2819\">Un accueil positif des institutions et partenaires sociaux<\/strong><\/p>\n<p data-start=\"2821\" data-end=\"3146\">Au Parlement europ\u00e9en, la pr\u00e9sidente de la commission de la Culture et de l\u2019\u00c9ducation, <strong data-start=\"2908\" data-end=\"2917\">RIEHL<\/strong> (Verts\/ALE, Allemagne), et le n\u00e9gociateur en chef pour Erasmus+ 2028-2034, <strong data-start=\"2993\" data-end=\"3007\">ZDROJEWSKI<\/strong> (PPE, Pologne), ont soulign\u00e9 que, d\u00e8s 2027, les jeunes de l\u2019Union europ\u00e9enne et du Royaume-Uni pourront \u00e0 nouveau b\u00e9n\u00e9ficier du programme.<\/p>\n<p data-start=\"3148\" data-end=\"3411\">La <strong data-start=\"3151\" data-end=\"3193\">Conf\u00e9d\u00e9ration europ\u00e9enne des syndicats<\/strong> a \u00e9galement salu\u00e9 une \u00ab \u00e9tape positive et concr\u00e8te \u00bb pour les jeunes, les apprentis et les travailleurs, mettant en avant les b\u00e9n\u00e9fices du programme en mati\u00e8re de mobilit\u00e9, de comp\u00e9tences et de compr\u00e9hension mutuelle.<\/p>\n<p><strong>Plus d&rsquo;informations<\/strong><\/p>\n<p data-start=\"3148\" data-end=\"3411\"><a href=\"https:\/\/ec.europa.eu\/commission\/presscorner\/detail\/en\/statement_25_3103\" target=\"_blank\" rel=\"noopener\">Voir le communiqu\u00e9 de la Commission<\/a><\/p>\n<p><a href=\"#\" rel=\"nofollow\" onclick=\"window.print(); return false;\" title=\"Printer Friendly, PDF &amp; Email\"><img decoding=\"async\" class=\"pf-button-img\" src=\"https:\/\/www.europesays.com\/fr\/wp-content\/uploads\/2025\/07\/print-button.png\" alt=\"Print Friendly, PDF &amp; Email\" style=\"width: 66px;height: 24px;\"\/><\/a><\/p>\n","protected":false},"excerpt":{"rendered":"Sept ans apr\u00e8s sa sortie du programme Erasmus+ \u00e0 la suite du Brexit, le Royaume-Uni signe son retour&hellip;\n","protected":false},"author":2,"featured_media":224306,"comment_status":"","ping_status":"","sticky":false,"template":"","format":"standard","meta":{"footnotes":""},"categories":[1588],"tags":[11,1777,674,12,473,1853,1851,1850,1852],"class_list":{"0":"post-627365","1":"post","2":"type-post","3":"status-publish","4":"format-standard","5":"has-post-thumbnail","7":"category-royaume-uni","8":"tag-actualites","9":"tag-eu","10":"tag-europe","11":"tag-news","12":"tag-royaume-uni","13":"tag-royaume-uni-de-grande-bretagne-et-dirlande-du-nord","14":"tag-uk","15":"tag-united-kingdom","16":"tag-united-kingdom-of-great-britain-and-northern-ireland"},"share_on_mastodon":{"url":"https:\/\/pubeurope.com\/@fr\/115802399327597683","error":""},"_links":{"self":[{"href":"https:\/\/www.europesays.com\/fr\/wp-json\/wp\/v2\/posts\/627365","targetHints":{"allow":["GET"]}}],"collection":[{"href":"https:\/\/www.europesays.com\/fr\/wp-json\/wp\/v2\/posts"}],"about":[{"href":"https:\/\/www.europesays.com\/fr\/wp-json\/wp\/v2\/types\/post"}],"author":[{"embeddable":true,"href":"https:\/\/www.europesays.com\/fr\/wp-json\/wp\/v2\/users\/2"}],"replies":[{"embeddable":true,"href":"https:\/\/www.europesays.com\/fr\/wp-json\/wp\/v2\/comments?post=627365"}],"version-history":[{"count":0,"href":"https:\/\/www.europesays.com\/fr\/wp-json\/wp\/v2\/posts\/627365\/revisions"}],"wp:featuredmedia":[{"embeddable":true,"href":"https:\/\/www.europesays.com\/fr\/wp-json\/wp\/v2\/media\/224306"}],"wp:attachment":[{"href":"https:\/\/www.europesays.com\/fr\/wp-json\/wp\/v2\/media?parent=627365"}],"wp:term":[{"taxonomy":"category","embeddable":true,"href":"https:\/\/www.europesays.com\/fr\/wp-json\/wp\/v2\/categories?post=627365"},{"taxonomy":"post_tag","embeddable":true,"href":"https:\/\/www.europesays.com\/fr\/wp-json\/wp\/v2\/tags?post=627365"}],"curies":[{"name":"wp","href":"https:\/\/api.w.org\/{rel}","templated":true}]}}