{"id":627369,"date":"2025-12-29T10:34:13","date_gmt":"2025-12-29T10:34:13","guid":{"rendered":"https:\/\/www.europesays.com\/fr\/627369\/"},"modified":"2025-12-29T10:34:13","modified_gmt":"2025-12-29T10:34:13","slug":"lunion-europeenne-prolonge-jusquen-2031-la-libre-circulation-avec-le-royaume-uni","status":"publish","type":"post","link":"https:\/\/www.europesays.com\/fr\/627369\/","title":{"rendered":"L\u2019Union europ\u00e9enne prolonge jusqu\u2019en 2031 la libre circulation avec le Royaume-Uni"},"content":{"rendered":"<p>La Commission europ\u00e9enne a renouvel\u00e9 les d\u00e9cisions d\u2019ad\u00e9quation encadrant les transferts de donn\u00e9es personnelles entre l\u2019UE et le Royaume-Uni. La libre circulation est s\u00e9curis\u00e9e jusqu\u2019au 27 d\u00e9cembre 2031, sous r\u00e9serve de r\u00e9examens p\u00e9riodiques du cadre juridique britannique. <\/p>\n<p class=\"c-paragraph\">A l\u2019approche de l\u2019\u00e9ch\u00e9ance du 27 d\u00e9cembre 2025, Bruxelles a renouvel\u00e9 les deux d\u00e9cisions d\u2019ad\u00e9quation permettant la libre circulation des donn\u00e9es personnelles entre l\u2019Union europ\u00e9enne et le Royaume-Uni. <\/p>\n<p>Jusqu\u2019en 2031<\/p>\n<p class=\"c-paragraph\">Ce renouvellement, adopt\u00e9 le 19 d\u00e9cembre, prolonge jusqu\u2019en d\u00e9cembre 2031 un r\u00e9gime cl\u00e9 pour les \u00e9changes entre les deux rives de la Manche, dans un contexte post-Brexit marqu\u00e9 par une recomposition des r\u00e9glementations. <\/p>\n<p class=\"c-paragraph\">Pour l\u2019Union europ\u00e9enne, l\u2019enjeu est double : pr\u00e9server la fluidit\u00e9 des donn\u00e9es, indispensable au bon fonctionnement de larges pans de l\u2019\u00e9conomie num\u00e9rique, tout en s\u2019assurant que Londres ne s\u2019\u00e9loigne pas des standards en mati\u00e8re de protection des donn\u00e9es. <\/p>\n<p class=\"c-paragraph\">Pour rappel, une d\u00e9cision d\u2019ad\u00e9quation est un acte par lequel la Commission europ\u00e9enne reconna\u00eet qu\u2019un pays tiers offre un niveau de protection des donn\u00e9es personnelles \u00e9quivalent \u00e0 celui propos\u00e9 par le R\u00e8glement g\u00e9n\u00e9ral sur la protection des donn\u00e9es (RGPD). <\/p>\n<p>Eviter un surco\u00fbt important<\/p>\n<p class=\"c-paragraph\">En pratique, cette reconnaissance \u00e9vite aux entreprises de devoir s\u00e9curiser chaque transfert de donn\u00e9es par des m\u00e9canismes plus complexes, tels que des clauses contractuelles. Ce qui engendrerait \u00e9galement des co\u00fbts : <a href=\"https:\/\/www.usine-digitale.fr\/editorial\/brexit-l-absence-d-accord-sur-les-donnees-couterait-1-8-milliard-d-euros-aux-entreprises-britanniques.N1032249\" target=\"_self\" rel=\"noopener\" title=\"https:\/\/www.usine-digitale.fr\/editorial\/brexit-l-absence-d-accord-sur-les-donnees-couterait-1-8-milliard-d-euros-aux-entreprises-britanniques.N1032249\">jusqu\u2019\u00e0 1,6 milliard de livres sterling<\/a>, d\u2019apr\u00e8s une \u00e9tude men\u00e9e par la New Economics Foundation et l\u2019University College London. <\/p>\n<p class=\"c-paragraph\">Par ailleurs, un tel sc\u00e9nario aurait introduit une incertitude juridique, rappelant les difficult\u00e9s rencontr\u00e9es apr\u00e8s <a href=\"https:\/\/www.usine-digitale.fr\/editorial\/l-ue-sabre-le-privacy-shield-l-accord-qui-autorisait-le-transfert-des-donnees-aux-etats-unis.N986549\" target=\"_self\" rel=\"noopener\" title=\"https:\/\/www.usine-digitale.fr\/editorial\/l-ue-sabre-le-privacy-shield-l-accord-qui-autorisait-le-transfert-des-donnees-aux-etats-unis.N986549\">l\u2019invalidation du Privacy Shield<\/a>, texte encadrant les flux de donn\u00e9es entre l\u2019UE et les Etats-Unis.<\/p>\n<p class=\"c-paragraph\">Dans le d\u00e9tail, les d\u00e9cisions d\u2019ad\u00e9quation initiales de 2021 arrivaient \u00e0 expiration le 27 d\u00e9cembre 2025. Afin d\u2019\u00e9viter toute rupture juridique, la Commission avait adopt\u00e9 en juin 2025 une prolongation technique de six mois, le temps de mener une \u00e9valuation approfondie des \u00e9volutions du droit britannique, en particulier \u00e0 la lumi\u00e8re du Data (Use and Access) Act, r\u00e9cemment adopt\u00e9 au Royaume-Uni.<\/p>\n<p>Un statut cl\u00e9<\/p>\n<p class=\"c-paragraph\">Cette phase transitoire visait \u00e0 examiner si les modifications introduites par cette loi \u2014 qui entend faciliter l\u2019usage des donn\u00e9es tout en soutenant l\u2019innovation \u2014 restaient compatibles avec les exigences europ\u00e9ennes en mati\u00e8re de protection des donn\u00e9es fondamentales.<\/p>\n<p class=\"c-paragraph\">Avec ce renouvellement, le Royaume-Uni conserve ainsi un statut cl\u00e9 dans l\u2019\u00e9cosyst\u00e8me europ\u00e9en des donn\u00e9es mais sous une surveillance renforc\u00e9e, \u00e0 mesure que son droit \u00e9volue.<\/p>\n","protected":false},"excerpt":{"rendered":"La Commission europ\u00e9enne a renouvel\u00e9 les d\u00e9cisions d\u2019ad\u00e9quation encadrant les transferts de donn\u00e9es personnelles entre l\u2019UE et le&hellip;\n","protected":false},"author":2,"featured_media":627370,"comment_status":"","ping_status":"","sticky":false,"template":"","format":"standard","meta":{"footnotes":""},"categories":[1586],"tags":[11,73658,67655,1075,73657,654,23174,1777,674,1779,1011,27,73656,9234,12,8088,25,473,57581,60760,1778,364],"class_list":{"0":"post-627369","1":"post","2":"type-post","3":"status-publish","4":"format-standard","5":"has-post-thumbnail","7":"category-europe","8":"tag-actualites","9":"tag-collecte-de-donnees","10":"tag-conformite","11":"tag-cybersecurite","12":"tag-data-protection","13":"tag-donnees-personnelles","14":"tag-economie-numerique","15":"tag-eu","16":"tag-europe","17":"tag-european-union","18":"tag-fr","19":"tag-france","20":"tag-gdpr-rgpd","21":"tag-juridique","22":"tag-news","23":"tag-reglementation","24":"tag-republique-francaise","25":"tag-royaume-uni","26":"tag-strategie-digitale","27":"tag-transformation-numerique","28":"tag-ue","29":"tag-union-europeenne"},"share_on_mastodon":{"url":"https:\/\/pubeurope.com\/@fr\/115802411209811148","error":""},"_links":{"self":[{"href":"https:\/\/www.europesays.com\/fr\/wp-json\/wp\/v2\/posts\/627369","targetHints":{"allow":["GET"]}}],"collection":[{"href":"https:\/\/www.europesays.com\/fr\/wp-json\/wp\/v2\/posts"}],"about":[{"href":"https:\/\/www.europesays.com\/fr\/wp-json\/wp\/v2\/types\/post"}],"author":[{"embeddable":true,"href":"https:\/\/www.europesays.com\/fr\/wp-json\/wp\/v2\/users\/2"}],"replies":[{"embeddable":true,"href":"https:\/\/www.europesays.com\/fr\/wp-json\/wp\/v2\/comments?post=627369"}],"version-history":[{"count":0,"href":"https:\/\/www.europesays.com\/fr\/wp-json\/wp\/v2\/posts\/627369\/revisions"}],"wp:featuredmedia":[{"embeddable":true,"href":"https:\/\/www.europesays.com\/fr\/wp-json\/wp\/v2\/media\/627370"}],"wp:attachment":[{"href":"https:\/\/www.europesays.com\/fr\/wp-json\/wp\/v2\/media?parent=627369"}],"wp:term":[{"taxonomy":"category","embeddable":true,"href":"https:\/\/www.europesays.com\/fr\/wp-json\/wp\/v2\/categories?post=627369"},{"taxonomy":"post_tag","embeddable":true,"href":"https:\/\/www.europesays.com\/fr\/wp-json\/wp\/v2\/tags?post=627369"}],"curies":[{"name":"wp","href":"https:\/\/api.w.org\/{rel}","templated":true}]}}