{"id":627374,"date":"2025-12-29T10:37:11","date_gmt":"2025-12-29T10:37:11","guid":{"rendered":"https:\/\/www.europesays.com\/fr\/627374\/"},"modified":"2025-12-29T10:37:11","modified_gmt":"2025-12-29T10:37:11","slug":"une-couleur-inedite-pour-le-maillot-des-bleus-a-la-coupe-du-monde-2026-en-hommage-a-la-statue-de-la-liberte","status":"publish","type":"post","link":"https:\/\/www.europesays.com\/fr\/627374\/","title":{"rendered":"une couleur in\u00e9dite pour le maillot des Bleus \u00e0 la Coupe du monde 2026 en hommage \u00e0 la Statue de la Libert\u00e9"},"content":{"rendered":"<p>\n    Pendant la Coupe du monde aux \u00c9tats-Unis, l\u2019\u00e9quipe de France portera un maillot avec une dominante vert menthe en r\u00e9f\u00e9rence \u00e0 la Statue de la Libert\u00e9.<\/p>\n<p class=\"fig-paragraph\">Des Bleus&#8230; en vert. L\u2019\u00e9quipe de France partira \u00e0 la conqu\u00eate d\u2019une troisi\u00e8me Coupe du monde 2026 aux \u00c9tats-Unis, Canada et Mexique cet \u00e9t\u00e9 avec un maillot aux couleurs in\u00e9dites. L\u2019information n\u2019est pas encore officielle mais\u00a0<a href=\"https:\/\/www.footyheadlines.com\/2025\/04\/france-2026-away-kit.html?Bh0JP=rdfgb\" target=\"_blank\" rel=\"sponsored noopener\" data-gtm-custom-categorie=\"navigation\" data-gtm-custom-action=\"crossclick\" data-gtm-custom-label=\"Contextuel\" data-gtm-event=\"customEventSPE\">le site Footy Headlines<\/a>, en g\u00e9n\u00e9ral tr\u00e8s bien renseign\u00e9, a r\u00e9v\u00e9l\u00e9 que la tunique tricolore avait \u00e9t\u00e9 pens\u00e9e pour rendre hommage \u00e0 la c\u00e9l\u00e8bre Statue de la Libert\u00e9.<\/p>\n<p>                                            Un vert menthe in\u00e9dit<\/p>\n<p class=\"fig-paragraph\">Sur la photo d\u00e9voil\u00e9e, on aper\u00e7oit le coq fran\u00e7ais et ses deux \u00e9toiles couleur or sur un tissu vert menthe inspir\u00e9 du c\u00e9l\u00e8bre monument new-yorkais. \u00c0 c\u00f4t\u00e9 du symbole tricolore vient se glisser le logo de Nike, couleur cuivre. L\u2019\u00e9quipementier am\u00e9ricain tente l\u00e0 un coup audacieux avec les Bleus de Didier Deschamps qui n\u2019ont jamais port\u00e9 cette teinte\u00a0<a href=\"https:\/\/www.lefigaro.fr\/sports\/le-maillot-des-bleus-une-riche-histoire-20201116\" data-fig-type=\"Article\" data-gtm-custom-categorie=\"navigation\" data-gtm-custom-action=\"crossclick\" data-gtm-custom-label=\"Contextuel\" data-gtm-event=\"customEventSPE\" data-fig-domain=\"LEFIGARO\" target=\"_blank\" rel=\"noopener\">en plus d\u2019un si\u00e8cle d\u2019existence<\/a>.<\/p>\n<p>                                            <a class=\"fig-a11y-skip\" href=\"#fig-a11y-skip-main-inarticle\" data-module=\"a11y-skip\" data-context=\"was @visible\"><br \/>\n    Passer la publicit\u00e9<br \/>\n<\/a>            <\/p>\n<p class=\"fig-paragraph\">Depuis 1904 et une premi\u00e8re rencontre officielle face \u00e0 la Belgique, les Tricolores ont affich\u00e9 du blanc et du rouge, du bleu aussi avec diff\u00e9rentes teintes (marine ou clair) en tenant compte, \u00e0 partir de la moiti\u00e9 du XXe si\u00e8cle, aux imp\u00e9ratifs de la t\u00e9l\u00e9vision\u00a0: avec les retransmissions en direct en noir et blanc, il fallait distinguer facilement les maillots des deux \u00e9quipes.<\/p>\n<p class=\"fig-paragraph\"><strong>\u00c0 VOIR AUSSI &#8211; <\/strong>France et Norv\u00e8ge, Br\u00e9sil et Maroc&#8230; La composition des groupes pour la Coupe du monde 2026<\/p>\n<p>                                            Les Bleus ont d\u00e9j\u00e0 jou\u00e9 avec du vert&#8230; par erreur<\/p>\n<p class=\"fig-paragraph\">L\u2019\u00e9quipe de France, qui a parfois tent\u00e9 de casser les codes vestimentaires avec des livr\u00e9es un peu particuli\u00e8res (<a href=\"https:\/\/www.lefigaro.fr\/sport-business\/2011\/03\/29\/04014-20110329ARTFIG00608-nike-donne-un-air-marin-a-l-equipe-de-france-de-football.php\" data-fig-type=\"Article\" data-gtm-custom-categorie=\"navigation\" data-gtm-custom-action=\"crossclick\" data-gtm-custom-label=\"Contextuel\" data-gtm-event=\"customEventSPE\" data-fig-domain=\"LEFIGARO\" target=\"_blank\" rel=\"noopener\">maillot marini\u00e8re en 2011 et 2017<\/a>), a d\u00e9j\u00e0 \u00e9volu\u00e9 une fois en vert au cours de sa riche histoire. C\u2019\u00e9tait en 1978 lors de la Coupe du monde en Argentine face \u00e0 la Hongrie. Mais ce n\u2019\u00e9tait pas pr\u00e9vu.<\/p>\n<p class=\"fig-paragraph\">N\u2019ayant pas pris en compte une recommandation de la Fifa d\u00e9signant les couleurs officielles, les Fran\u00e7ais ont atterri \u00e0 Mar del Plata avec un jeu de maillots blancs, comme son adversaire. \u00c0 la derni\u00e8re minute, le staff fran\u00e7ais a emprunt\u00e9 un lot \u00e0 une \u00e9quipe locale de jeunes joueurs du Kimberley FC. Un z\u00e9ro point\u00e9 stylistique car les Bleus se sont retrouv\u00e9s serr\u00e9s comme jamais dans ces tenues taillant trop petit. La FFF a conserv\u00e9 un exemplaire. Un collector.<\/p>\n","protected":false},"excerpt":{"rendered":"Pendant la Coupe du monde aux \u00c9tats-Unis, l\u2019\u00e9quipe de France portera un maillot avec une dominante vert menthe&hellip;\n","protected":false},"author":2,"featured_media":627375,"comment_status":"","ping_status":"","sticky":false,"template":"","format":"standard","meta":{"footnotes":""},"categories":[4],"tags":[11,451,1011,27,4977,12,25],"class_list":{"0":"post-627374","1":"post","2":"type-post","3":"status-publish","4":"format-standard","5":"has-post-thumbnail","7":"category-france","8":"tag-actualites","9":"tag-coupe-du-monde","10":"tag-fr","11":"tag-france","12":"tag-le-scan-sport","13":"tag-news","14":"tag-republique-francaise"},"share_on_mastodon":{"url":"https:\/\/pubeurope.com\/@fr\/115802422994276288","error":""},"_links":{"self":[{"href":"https:\/\/www.europesays.com\/fr\/wp-json\/wp\/v2\/posts\/627374","targetHints":{"allow":["GET"]}}],"collection":[{"href":"https:\/\/www.europesays.com\/fr\/wp-json\/wp\/v2\/posts"}],"about":[{"href":"https:\/\/www.europesays.com\/fr\/wp-json\/wp\/v2\/types\/post"}],"author":[{"embeddable":true,"href":"https:\/\/www.europesays.com\/fr\/wp-json\/wp\/v2\/users\/2"}],"replies":[{"embeddable":true,"href":"https:\/\/www.europesays.com\/fr\/wp-json\/wp\/v2\/comments?post=627374"}],"version-history":[{"count":0,"href":"https:\/\/www.europesays.com\/fr\/wp-json\/wp\/v2\/posts\/627374\/revisions"}],"wp:featuredmedia":[{"embeddable":true,"href":"https:\/\/www.europesays.com\/fr\/wp-json\/wp\/v2\/media\/627375"}],"wp:attachment":[{"href":"https:\/\/www.europesays.com\/fr\/wp-json\/wp\/v2\/media?parent=627374"}],"wp:term":[{"taxonomy":"category","embeddable":true,"href":"https:\/\/www.europesays.com\/fr\/wp-json\/wp\/v2\/categories?post=627374"},{"taxonomy":"post_tag","embeddable":true,"href":"https:\/\/www.europesays.com\/fr\/wp-json\/wp\/v2\/tags?post=627374"}],"curies":[{"name":"wp","href":"https:\/\/api.w.org\/{rel}","templated":true}]}}