{"id":627378,"date":"2025-12-29T10:40:16","date_gmt":"2025-12-29T10:40:16","guid":{"rendered":"https:\/\/www.europesays.com\/fr\/627378\/"},"modified":"2025-12-29T10:40:16","modified_gmt":"2025-12-29T10:40:16","slug":"quel-avenir-pour-louis-carbonel-stade-francais-un-cador-de-top-14-reste-a-laffut","status":"publish","type":"post","link":"https:\/\/www.europesays.com\/fr\/627378\/","title":{"rendered":"Quel avenir pour Louis Carbonel (Stade Fran\u00e7ais) ? Un cador de Top 14 reste \u00e0 l&rsquo;aff\u00fbt"},"content":{"rendered":"<p style=\"text-align: justify;\"><strong>TOP 14 \u2013 Selon le <a href=\"https:\/\/www.rugbyrama.fr\/2025\/12\/28\/transferts-top-14-louis-carbonel-va-t-il-prolonger-son-contrat-au-stade-francais-13134281.php\" target=\"_blank\" rel=\"noopener\">Midi Olympique<\/a>, l\u2019avenir de Louis Carbonel devrait se jouer entre le Stade Fran\u00e7ais et le RC Toulon.<\/strong><\/p>\n<p style=\"text-align: justify;\">Apr\u00e8s une saison de gal\u00e8re, le <strong>Stade Fran\u00e7ais<\/strong> retrouve des couleurs et pointe au quatri\u00e8me rang du Top 14 \u00e0 la mi-saison. Pour le Boxing Day, les Parisiens sont tomb\u00e9s d\u2019un seul point sur la pelouse de <strong>Bayonne<\/strong>, 35-34, au terme d\u2019un tr\u00e8s gros combat. En coulisses, les dirigeants s\u2019activent pour b\u00e2tir l\u2019\u00e9quipe des prochains exercices.<\/p>\n<p><a href=\"https:\/\/dicodusport.fr\/blog\/bayonne-a-tremble-a-jean-dauger-laviron-arrache-la-victoire-a-la-sirene-contre-le-stade-francais\/\" class=\"vlp-link\" title=\"Bayonne a trembl\u00e9 \u00e0 Jean-Dauger : l&#039;Aviron arrache la victoire \u00e0 la sir\u00e8ne contre le Stade Fran\u00e7ais\" target=\"_blank\" rel=\"noopener\"><img loading=\"lazy\" decoding=\"async\" style=\"max-width: 792px;\" width=\"792\" height=\"445\" class=\"attachment-800x445 size-800x445 perfmatters-lazy\" alt=\"Bayonne a trembl\u00e9 \u00e0 Jean-Dauger l'Aviron arrache la victoire \u00e0 la sir\u00e8ne contre le Stade Fran\u00e7ais\" src=\"https:\/\/www.europesays.com\/fr\/wp-content\/uploads\/2025\/12\/Bayonne-a-tremble-a-Jean-Dauger-lAviron-arrache-la-victoire-a-la-sirene-contre-le-Stade-Francais.png\"  data-\/><\/p>\n<p>Bayonne a trembl\u00e9 \u00e0 Jean-Dauger : l&rsquo;Aviron arrache la victoire \u00e0 la sir\u00e8ne contre le Stade Fran\u00e7ais<\/p>\n<p>TOP 14 2025\/2026 &#8211; Apr\u00e8s une premi\u00e8re p\u00e9riode de feu, Bayonne a d\u00fb cravacher jusqu&rsquo;\u00e0 la sir\u00e8ne pour \u00e9teindre le Stade Fran\u00e7ais et conserver son invincibilit\u00e9 \u00e0 domicile.<\/p>\n<p>Lire l&rsquo;article<\/p>\n<p>dicodusport.fr<\/p>\n<p>Louis Carbonel sur la dur\u00e9e \u00e0 Paris ?<\/p>\n<p style=\"text-align: justify;\">Un des dossiers les plus chauds est celui de <strong>Louis Carbonel<\/strong>, qui a retrouv\u00e9 son meilleur niveau depuis plusieurs semaines. L\u2019ancien ouvreur du <strong>Montpellier HR<\/strong> est aussi performant dans le jeu que face aux perches. Arriv\u00e9 en 2024 dans la capitale fran\u00e7aise, il est pour l\u2019heure sous contrat jusqu\u2019en juin 2027, mais son avenir reste au c\u0153ur des d\u00e9bats.<\/p>\n<p style=\"text-align: justify;\">Le Stade Fran\u00e7ais lui a propos\u00e9 un nouveau bail jusqu\u2019en juin 2029, soit deux saisons suppl\u00e9mentaires. Mais le <strong>RC Toulon<\/strong> reste toujours \u00e0 l\u2019aff\u00fbt sur le dossier du minot du club. Les Varois ont <strong>Tom\u00e1s Albornoz<\/strong>, <strong>Mat\u00e9o Garcia<\/strong> et <strong>Paolo Garbisi<\/strong> sous contrat, mais un d\u00e9part de l\u2019international italien n\u2019est pas \u00e0 exclure. Dans ce cas, la piste menant \u00e0 <strong>Louis Carbonel<\/strong> serait r\u00e9activ\u00e9e. Le jeune ouvreur pourrait toutefois d\u00e9cider de s\u2019engager sur le long terme avec le <strong>Stade Fran\u00e7ais<\/strong>, sans attendre une hypoth\u00e9tique offre de son club formateur.<\/p>\n<p>Dicodusport vous conseille<\/p>\n<p><a href=\"https:\/\/dicodusport.fr\/blog\/transferts-stade-francais-2026-recrues-departs-et-prolongations\/\" class=\"vlp-link\" title=\"Transferts Stade Fran\u00e7ais 2026 : Recrues, d\u00e9parts et prolongations\" target=\"_blank\" rel=\"noopener\"><img loading=\"lazy\" decoding=\"async\" style=\"max-width: 792px;\" width=\"792\" height=\"445\" class=\"attachment-800x445 size-800x445 perfmatters-lazy\" alt=\"Transferts Stade Fran\u00e7ais 2026 Recrues, d\u00e9parts et prolongations\" src=\"https:\/\/www.europesays.com\/fr\/wp-content\/uploads\/2025\/12\/Transferts-Stade-Francais-2026-Recrues-departs-et-prolongations.png\"  data-\/><\/p>\n<p>Transferts Stade Fran\u00e7ais 2026 : Recrues, d\u00e9parts et prolongations<\/p>\n<p>Arriv\u00e9es, d\u00e9parts et prolongations au Stade Fran\u00e7ais.<\/p>\n<p>Lire l&rsquo;article<\/p>\n<p>dicodusport.fr<\/p>\n","protected":false},"excerpt":{"rendered":"TOP 14 \u2013 Selon le Midi Olympique, l\u2019avenir de Louis Carbonel devrait se jouer entre le Stade Fran\u00e7ais&hellip;\n","protected":false},"author":2,"featured_media":627379,"comment_status":"","ping_status":"","sticky":false,"template":"","format":"standard","meta":{"footnotes":""},"categories":[1416],"tags":[2113,1011,27,36939,479,1468,60,2558,478,477],"class_list":{"0":"post-627378","1":"post","2":"type-post","3":"status-publish","4":"format-standard","5":"has-post-thumbnail","7":"category-rugby","8":"tag-breve","9":"tag-fr","10":"tag-france","11":"tag-louis-carbonel","12":"tag-rugby","13":"tag-rugby-football","14":"tag-sports","15":"tag-stade-francais","16":"tag-top-14","17":"tag-transferts-rugby"},"share_on_mastodon":{"url":"https:\/\/pubeurope.com\/@fr\/115802435381354333","error":""},"_links":{"self":[{"href":"https:\/\/www.europesays.com\/fr\/wp-json\/wp\/v2\/posts\/627378","targetHints":{"allow":["GET"]}}],"collection":[{"href":"https:\/\/www.europesays.com\/fr\/wp-json\/wp\/v2\/posts"}],"about":[{"href":"https:\/\/www.europesays.com\/fr\/wp-json\/wp\/v2\/types\/post"}],"author":[{"embeddable":true,"href":"https:\/\/www.europesays.com\/fr\/wp-json\/wp\/v2\/users\/2"}],"replies":[{"embeddable":true,"href":"https:\/\/www.europesays.com\/fr\/wp-json\/wp\/v2\/comments?post=627378"}],"version-history":[{"count":0,"href":"https:\/\/www.europesays.com\/fr\/wp-json\/wp\/v2\/posts\/627378\/revisions"}],"wp:featuredmedia":[{"embeddable":true,"href":"https:\/\/www.europesays.com\/fr\/wp-json\/wp\/v2\/media\/627379"}],"wp:attachment":[{"href":"https:\/\/www.europesays.com\/fr\/wp-json\/wp\/v2\/media?parent=627378"}],"wp:term":[{"taxonomy":"category","embeddable":true,"href":"https:\/\/www.europesays.com\/fr\/wp-json\/wp\/v2\/categories?post=627378"},{"taxonomy":"post_tag","embeddable":true,"href":"https:\/\/www.europesays.com\/fr\/wp-json\/wp\/v2\/tags?post=627378"}],"curies":[{"name":"wp","href":"https:\/\/api.w.org\/{rel}","templated":true}]}}