{"id":627384,"date":"2025-12-29T10:46:11","date_gmt":"2025-12-29T10:46:11","guid":{"rendered":"https:\/\/www.europesays.com\/fr\/627384\/"},"modified":"2025-12-29T10:46:11","modified_gmt":"2025-12-29T10:46:11","slug":"cinq-joueurs-dans-le-viseur-des-verts","status":"publish","type":"post","link":"https:\/\/www.europesays.com\/fr\/627384\/","title":{"rendered":"Cinq joueurs dans le viseur des Verts"},"content":{"rendered":"<p><b>L\u2019AS Saint-Etienne a d\u00e9but\u00e9 en coulisses son mercato<br \/>\nhivernal. Si sur le court terme, le club du Forez souhaite recruter un milieu<br \/>\nde terrain et un d\u00e9fenseur, sur le long terme, l\u2019ASSE commence \u00e0 r\u00e9fl\u00e9chir \u00e0<br \/>\nson poste de gardien de but. <\/b><\/p>\n<p>\u00c0 l\u2019arriv\u00e9e de Kilmer, le recrutement de jeunes joueurs \u00e0<br \/>\nfort potentiel a explos\u00e9 du c\u00f4t\u00e9 de l\u2019<a href=\"https:\/\/www.foot01.com\/st-etienne\" target=\"_self\" rel=\"noopener\">ASSE<\/a>. Mais un poste est rest\u00e9 \u00e9pargn\u00e9,<br \/>\ncelui du gardien de but. Gautier Larsonneur reste le num\u00e9ro 1 depuis son arriv\u00e9e<br \/>\n\u00e0 l\u2019hiver 2023 en provenance de Valenciennes. Le portier de 28 ans a par<br \/>\nailleurs prolong\u00e9 son contrat en septembre dernier jusqu\u2019en 2028. Pas d\u2019urgence<br \/>\n\u00e0 ce niveau-l\u00e0. Cependant, la doublure, Brice Maubleu voit son bail se finir cet<br \/>\n\u00e9t\u00e9. Les dirigeants st\u00e9phanois veulent donc pr\u00e9parer l\u2019avenir et commencent \u00e0<br \/>\nscruter les gardiens de but disponibles sur le march\u00e9.Saint-Etienne cible cinq gardiens<\/p>\n<p>Peuple Vert d\u00e9voile que le club du Forez a<br \/>\nenregistr\u00e9 une liste de cinq jeunes portiers. L\u2019objectif est de recruter un<br \/>\njeune num\u00e9ro deux aux c\u00f4t\u00e9s de Larsonneur plus exp\u00e9riment\u00e9. Le premier nom<br \/>\ncibl\u00e9 se nomme Simon Eriksson. L\u2019international espoirs su\u00e9dois \u00e9volue du c\u00f4t\u00e9<br \/>\nde Elfsborg en Su\u00e8de. Le portier de 19 ans est suivi par d\u2019autres clubs europ\u00e9ens<br \/>\net reste sous contrat jusqu\u2019en 2029 (valeur Transfermarkt, 500 000 euros). Le<br \/>\nsecond nom coch\u00e9, c\u2019est le Serbe Lazar Balevi\u0107. L\u2019international U19 serbe a<br \/>\nperdu sa place de titulaire au sein de la formation de Napredak, derni\u00e8re de<br \/>\npremi\u00e8re division (valeur Transfermarkt, 1 million d\u2019euros).<\/p>\n<p>Le m\u00e9dia sp\u00e9cialis\u00e9 r\u00e9v\u00e8le \u00e9galement que l\u2019ASSE a cibl\u00e9 un portier en MLS du c\u00f4t\u00e9 de Philadelphia<br \/>\nUnion, le jeune Andrew Rick. \u00c0 19 ans, l\u2019Am\u00e9ricain \u00e9tait en concurrence cette<br \/>\nsaison et a disput\u00e9 14 matchs de MLS (valeur Transfermarkt 400 000 euros).<br \/>\nLes deux derni\u00e8res cibles sont Nazar Domchak (Karpaty Lviv) et Christian<br \/>\nZawieschitzky (RB Salzbourg). L\u2019ASSE pourrait passer \u00e0 l\u2019offensive pour l\u2019un d\u2019entre<br \/>\neux cet \u00e9t\u00e9.<\/p>\n","protected":false},"excerpt":{"rendered":"L\u2019AS Saint-Etienne a d\u00e9but\u00e9 en coulisses son mercato hivernal. Si sur le court terme, le club du Forez&hellip;\n","protected":false},"author":2,"featured_media":627385,"comment_status":"","ping_status":"","sticky":false,"template":"","format":"standard","meta":{"footnotes":""},"categories":[1410],"tags":[461,63,1011,27,446,60],"class_list":{"0":"post-627384","1":"post","2":"type-post","3":"status-publish","4":"format-standard","5":"has-post-thumbnail","7":"category-football","8":"tag-asse","9":"tag-football","10":"tag-fr","11":"tag-france","12":"tag-ligue-2","13":"tag-sports"},"share_on_mastodon":{"url":"https:\/\/pubeurope.com\/@fr\/115802458288425704","error":""},"_links":{"self":[{"href":"https:\/\/www.europesays.com\/fr\/wp-json\/wp\/v2\/posts\/627384","targetHints":{"allow":["GET"]}}],"collection":[{"href":"https:\/\/www.europesays.com\/fr\/wp-json\/wp\/v2\/posts"}],"about":[{"href":"https:\/\/www.europesays.com\/fr\/wp-json\/wp\/v2\/types\/post"}],"author":[{"embeddable":true,"href":"https:\/\/www.europesays.com\/fr\/wp-json\/wp\/v2\/users\/2"}],"replies":[{"embeddable":true,"href":"https:\/\/www.europesays.com\/fr\/wp-json\/wp\/v2\/comments?post=627384"}],"version-history":[{"count":0,"href":"https:\/\/www.europesays.com\/fr\/wp-json\/wp\/v2\/posts\/627384\/revisions"}],"wp:featuredmedia":[{"embeddable":true,"href":"https:\/\/www.europesays.com\/fr\/wp-json\/wp\/v2\/media\/627385"}],"wp:attachment":[{"href":"https:\/\/www.europesays.com\/fr\/wp-json\/wp\/v2\/media?parent=627384"}],"wp:term":[{"taxonomy":"category","embeddable":true,"href":"https:\/\/www.europesays.com\/fr\/wp-json\/wp\/v2\/categories?post=627384"},{"taxonomy":"post_tag","embeddable":true,"href":"https:\/\/www.europesays.com\/fr\/wp-json\/wp\/v2\/tags?post=627384"}],"curies":[{"name":"wp","href":"https:\/\/api.w.org\/{rel}","templated":true}]}}