{"id":627392,"date":"2025-12-29T10:51:11","date_gmt":"2025-12-29T10:51:11","guid":{"rendered":"https:\/\/www.europesays.com\/fr\/627392\/"},"modified":"2025-12-29T10:51:11","modified_gmt":"2025-12-29T10:51:11","slug":"ses-confidences-tres-fortes-sur-ses-fils","status":"publish","type":"post","link":"https:\/\/www.europesays.com\/fr\/627392\/","title":{"rendered":"ses confidences tr\u00e8s fortes sur ses fils, &#8230;"},"content":{"rendered":"<p>EN BREF<\/p>\n<ul class=\"bloc_resume_post_list\">\n<li>Claudio Cap\u00e9o, n\u00e9 Claudio Ruccolo en 1985 \u00e0 Cernay, est<br \/>\nun chanteur fran\u00e7ais r\u00e9v\u00e9l\u00e9 par The Voice en 2016.<\/li>\n<li>Son nouvel album, \u00ab\u00a0Nouveau souffle&rsquo;, est d\u00e9crit comme<br \/>\npersonnel et porteur de messages d&rsquo;amour universel.<\/li>\n<li>Il partage son \u00e9quilibre entre vie familiale et musicale,<br \/>\ntout en pr\u00e9parant une tourn\u00e9e pour fin 2026.<\/li>\n<\/ul>\n<p><strong>Claudio Cap\u00e9o<\/strong>, de son vrai nom Claudio Ruccolo,<br \/>\nest un chanteur et accord\u00e9oniste fran\u00e7ais n\u00e9 en 1985 \u00e0 Cernay, en<br \/>\nAlsace. R\u00e9v\u00e9l\u00e9 au grand public gr\u00e2ce \u00e0 sa participation \u00e0 <a href=\"https:\/\/www.telestar.fr\/tele-realite\/the-voice\/the-voice-2023-cette-particularite-du-jury-qui-fait-toute-la-difference-812245\" target=\"_blank\" rel=\"noopener\"><br \/>\nThe Voice : La Plus Belle Voix<\/a> en 2016, il s\u2019est<br \/>\nrapidement impos\u00e9 sur la sc\u00e8ne musicale fran\u00e7aise avec son style<br \/>\nunique, m\u00ealant pop, chanson fran\u00e7aise et influences<br \/>\nd\u2019accord\u00e9on.<\/p>\n<p>Connu pour sa voix chaleureuse et son authenticit\u00e9, il encha\u00eene<br \/>\nalbums et tourn\u00e9es, tout en restant proche de sa famille. Sa<br \/>\ncarri\u00e8re se distingue par des textes sinc\u00e8res, souvent inspir\u00e9s de<br \/>\nsa vie personnelle. Il s&rsquo;engage \u00e0 transmettre des messages positifs<br \/>\n\u00e0 travers sa musique. Ses chansons v\u00e9hiculent \u00e9galement des valeurs<br \/>\nprofond\u00e9ment humaines.<\/p>\n<p>Claudio Cap\u00e9o : un souffle nouveau<\/p>\n<p data-start=\"0\" data-end=\"677\">Dans une interview exclusive pour<br \/>\nTelestar, Claudio Cap\u00e9o<br \/>\nrevient sur son nouvel album Nouveau souffle, qu\u2019il d\u00e9crit comme <a href=\"https:\/\/www.telestar.fr\/actu_tv\/the-voice-kids-2025-deux-nouveaux-coachs-immensement-connus-aux-cotes-de-patrick-fiori-1716418\" target=\"_blank\" rel=\"noopener\"><br \/>\ntr\u00e8s personnel, moderne et porteur de messages d\u2019amour<br \/>\nuniversel<\/a>. Il commence : \u00ab\u00a0<strong>J&rsquo;avais besoin<br \/>\nd&rsquo;\u00e9quilibre<\/strong>. Depuis neuf ans, j&rsquo;encha\u00eenais les concerts et<br \/>\nles albums. Je vivais \u00e0 10 000 \u00e0 l&rsquo;heure. Et donc, j&rsquo;ai d\u00e9cid\u00e9 de<br \/>\nrentrer \u00e0 la maison\u00a0\u00bb.<\/p>\n<p data-start=\"0\" data-end=\"677\">\u00ab\u00a0Pendant un an, j&rsquo;ai pris une<br \/>\nnouvelle respiration. \u00c7a m&rsquo;a donn\u00e9 cet album, peut-\u00eatre plus<br \/>\n\u00e9l\u00e9gant que les autres. Il vient du c\u0153ur\u00a0\u00bb, confie-t-il.<br \/>\nL\u2019artiste souhaite transmettre un message positif et sinc\u00e8re dans<br \/>\nchaque morceau, en cherchant r\u00e9ellement \u00e0 \u00ab\u00a0<strong>trouver la<br \/>\nvoie de la sagesse<\/strong>\u00ab\u00a0.<\/p>\n<p>Famille et sc\u00e8ne : un \u00e9quilibre<br \/>\nretrouv\u00e9<\/p>\n<p data-start=\"679\" data-end=\"1188\" data-is-last-node=\"\" data-is-only-node=\"\"><a href=\"https:\/\/www.closermag.fr\/people\/claudio-capeo-ses-rares-confidences-sur-sa-femme-et-ses-enfants-1188741\" target=\"_blank\" rel=\"noopener\"><br \/>\nClaudio Cap\u00e9o \u00e9voque \u00e9galement sa vie familiale<\/a> :<br \/>\n\u00ab\u00a0<strong>Rom\u00e9o aime bien chanter et C\u00e9sar joue de la guitare.<br \/>\nMais je crois qu&rsquo;ils n&rsquo;ont pas envie de faire comme moi, d&rsquo;\u00eatre des<br \/>\npapas absents<\/strong>\u00ab\u00a0. Il se r\u00e9jouit de repartir en tourn\u00e9e<br \/>\navec son groupe : \u00ab\u00a0Oui. J\u2019ai h\u00e2te de parcourir notre belle<br \/>\nFrance\u00a0\u00bb. Le chanteur souligne l\u2019importance de calmer sa<br \/>\n\u00ab\u00a0folie\u00a0\u00bb et de prendre le temps pour ses proches. Il<br \/>\ncontinuera tout en partageant sa musique sur sc\u00e8ne d\u00e8s la fin<br \/>\n2026.<\/p>\n<p>Dans une autre interview pour Parents, Claudio Cap\u00e9o<br \/>\nest aussi revenu sur son r\u00f4le de p\u00e8re et admet que la paternit\u00e9<br \/>\nn\u2019est pas inn\u00e9e. \u201cJe suis un papa stress\u00e9, papa nerveux. Papa<br \/>\nqui a un petit peu de mal \u00e0 se poser. Un papa qui a 40 balais mais<br \/>\nqui reste toujours un adolescent au fond de lui\u201d, confie-t-il.<br \/>\n\u00c0 l\u2019arriv\u00e9e de ses enfants, trouver sa place dans ce nouvel univers<br \/>\na \u00e9t\u00e9 plus complexe que pr\u00e9vu : \u201cMon fils l\u2019avait trouv\u00e9e avec<br \/>\nsa maman et moi, j\u2019ai un peu ram\u00e9 quand m\u00eame. Ce n\u2019est pas<br \/>\nqu\u2019ils ne l\u2019acceptent pas ou que je ne l\u2019accepterais pas, mais<br \/>\nc\u2019est juste que, je ne sais pas, <strong>il s&rsquo;est pass\u00e9 quelque<br \/>\nchose d\u2019assez \u00e9trange<\/strong>. Je ne saurais jamais<br \/>\nl&rsquo;expliquer\u201d.<\/p>\n<p><strong>Interview \u00e0 retrouver en int\u00e9gralit\u00e9 dans votre<br \/>\nmagazine T\u00e9l\u00e9 Star en kiosque et en version num\u00e9rique ce lundi 29<br \/>\nd\u00e9cembre 2025.<\/strong><\/p>\n","protected":false},"excerpt":{"rendered":"EN BREF Claudio Cap\u00e9o, n\u00e9 Claudio Ruccolo en 1985 \u00e0 Cernay, est un chanteur fran\u00e7ais r\u00e9v\u00e9l\u00e9 par The&hellip;\n","protected":false},"author":2,"featured_media":627393,"comment_status":"","ping_status":"","sticky":false,"template":"","format":"standard","meta":{"footnotes":""},"categories":[1355],"tags":[548,58,59,1011,27,1361,873],"class_list":{"0":"post-627392","1":"post","2":"type-post","3":"status-publish","4":"format-standard","5":"has-post-thumbnail","7":"category-musique","8":"tag-article-simple","9":"tag-divertissement","10":"tag-entertainment","11":"tag-fr","12":"tag-france","13":"tag-music","14":"tag-musique"},"share_on_mastodon":{"url":"https:\/\/pubeurope.com\/@fr\/115802477877862681","error":""},"_links":{"self":[{"href":"https:\/\/www.europesays.com\/fr\/wp-json\/wp\/v2\/posts\/627392","targetHints":{"allow":["GET"]}}],"collection":[{"href":"https:\/\/www.europesays.com\/fr\/wp-json\/wp\/v2\/posts"}],"about":[{"href":"https:\/\/www.europesays.com\/fr\/wp-json\/wp\/v2\/types\/post"}],"author":[{"embeddable":true,"href":"https:\/\/www.europesays.com\/fr\/wp-json\/wp\/v2\/users\/2"}],"replies":[{"embeddable":true,"href":"https:\/\/www.europesays.com\/fr\/wp-json\/wp\/v2\/comments?post=627392"}],"version-history":[{"count":0,"href":"https:\/\/www.europesays.com\/fr\/wp-json\/wp\/v2\/posts\/627392\/revisions"}],"wp:featuredmedia":[{"embeddable":true,"href":"https:\/\/www.europesays.com\/fr\/wp-json\/wp\/v2\/media\/627393"}],"wp:attachment":[{"href":"https:\/\/www.europesays.com\/fr\/wp-json\/wp\/v2\/media?parent=627392"}],"wp:term":[{"taxonomy":"category","embeddable":true,"href":"https:\/\/www.europesays.com\/fr\/wp-json\/wp\/v2\/categories?post=627392"},{"taxonomy":"post_tag","embeddable":true,"href":"https:\/\/www.europesays.com\/fr\/wp-json\/wp\/v2\/tags?post=627392"}],"curies":[{"name":"wp","href":"https:\/\/api.w.org\/{rel}","templated":true}]}}