{"id":627400,"date":"2025-12-29T10:56:17","date_gmt":"2025-12-29T10:56:17","guid":{"rendered":"https:\/\/www.europesays.com\/fr\/627400\/"},"modified":"2025-12-29T10:56:17","modified_gmt":"2025-12-29T10:56:17","slug":"ce-titre-sans-equivoque-du-new-york-times-donne-le-ton-des-unes-de-la-presse","status":"publish","type":"post","link":"https:\/\/www.europesays.com\/fr\/627400\/","title":{"rendered":"ce titre sans \u00e9quivoque du \u00ab\u00a0New York Times\u00a0\u00bb donne le ton des Unes de la presse"},"content":{"rendered":"<p>        <img decoding=\"async\" loading=\"lazy\" src=\"https:\/\/www.europesays.com\/fr\/wp-content\/uploads\/2025\/10\/127ddc7_1658619310500-613752f22800003f1271f3e1.jpeg\"  width=\"728\" height=\"409\" alt=\"Ce titre sans \u00e9quivoque du \u00ab\u00a0New York Times\u00a0\u00bb donne le ton des Unes de la presse sur la mort de Brigitte Bardot\u00a0(ici en juin\u00a02006\u00a0\u00e0 Bruxelles).\"\/>  <\/p>\n<p>Francois Lenoir via Reuters<\/p>\n<p>Ce titre sans \u00e9quivoque du \u00ab\u00a0New York Times\u00a0\u00bb donne le ton des Unes de la presse sur la mort de Brigitte Bardot\u00a0(ici en juin\u00a02006\u00a0\u00e0 Bruxelles).<\/p>\n<p>      <strong>EN BREF<\/strong> <strong>\u2022 <\/strong>La presse internationale, dont le New York Times, dresse un portrait contrast\u00e9 de Brigitte Bardot, ic\u00f4ne du cin\u00e9ma et figure controvers\u00e9e de l\u2019extr\u00eame droite.<br \/><strong>\u2022 <\/strong>Les journaux mettent en avant son impact sur le cin\u00e9ma et son engagement pour la cause animale, tout en soulignant ses positions politiques.<br \/><strong>\u2022 <\/strong>Les Unes fran\u00e7aises et internationales d\u00e9crivent Bardot comme une figure m\u00e9diatique trouble, avec des prises de position controvers\u00e9es et des condamnations pour propos racistes.                         <\/p>\n<p class=\"asset asset-text\">Une \u00ab\u00a0ic\u00f4ne\u00a0\u00bb loin d\u2019\u00eatre \u00ab\u00a0consensuelle\u00a0\u00bb. Au lendemain de la <a href=\"https:\/\/www.huffingtonpost.fr\/culture\/video\/mort-de-brigitte-bardot-l-actrice-et-chanteuse-francaise-avait-91-ans_220840.html#:~:text=L\u2019actrice%20fran%C3%A7aise%20et%20ic%C3%B4ne,Madrague%2C%20%C3%A0%20Saint%2DTropez.\" target=\"_blank\" rel=\"noopener\">mort de Brigitte Bardot<\/a> le dimanche 28\u00a0d\u00e9cembre, la presse fran\u00e7aise et internationale consacre des articles et parfois sa Une \u00e0 l\u2019ancienne actrice. Si les journaux mettent en avant l\u2019empreinte laiss\u00e9e par la Fran\u00e7aise dans le cin\u00e9ma ou son combat pour la cause animale, ils soulignent aussi ses <a href=\"https:\/\/www.huffingtonpost.fr\/politique\/article\/brigitte-bardot-et-l-extreme-droite-une-liaison-non-officielle-mais-difficile-a-cacher_258668.html\" target=\"_blank\" rel=\"noopener\">engagements politiques tr\u00e8s controvers\u00e9s<\/a>.<\/p>\n<p class=\"asset asset-text\">D\u00e8s dimanche, le <a href=\"https:\/\/www.nytimes.com\/2025\/12\/28\/arts\/brigitte-bardot-movies-songs-animal-rights.html\" target=\"_blank\" rel=\"noopener\" title=\"Nouvelle fen\u00eatre\">New York Times<\/a> avait donn\u00e9 le ton avec un titre sans \u00e9quivoque <strong>que vous pouvez voir ci-dessous<\/strong>. \u00ab\u00a0Du sex-appeal \u00e0 l\u2019extr\u00eame droite, Brigitte Bardot symbolisait une France en pleine mutation\u00a0\u00bb, juge le journal am\u00e9ricain, qui rappelle \u00e0 ses lecteurs que \u00ab\u00a0B.B., comme on l\u2019appelait [\u2026], n\u2019\u00e9tait pas une figure consensuelle\u00a0\u00bb et qu\u2019elle peut m\u00eame \u00eatre consid\u00e9r\u00e9e comme \u00ab\u00a0la premi\u00e8re star probl\u00e9matique de l\u2019\u00e8re moderne\u00a0\u00bb.<\/p>\n<p>         <img decoding=\"async\" loading=\"lazy\" src=\"https:\/\/www.europesays.com\/fr\/wp-content\/uploads\/2025\/12\/db9d08e_upload-1-n4bctbdokorr-screenshot-2025-12-29-08-27-35.png\"  width=\"728\" height=\"288\" alt=\"L\u2019article du \u00ab\u00a0New York Times\u00a0\u00bb paru apr\u00e8s la mort de Brigitte Bardot.\"\/>  <\/p>\n<p>Capture d\u2019\u00e9cran du site du \u00ab\u00a0New York Times\u00a0\u00bb<\/p>\n<p>L\u2019article du \u00ab\u00a0New York Times\u00a0\u00bb paru apr\u00e8s la mort de Brigitte Bardot.<\/p>\n<p class=\"asset asset-text\">\u00ab\u00a0Muse de l\u2019extr\u00eame droite\u00a0\u00bb pour le journal espagnol <a href=\"https:\/\/elpais.com\/cultura\/2025-12-28\/muere-la-actriz-y-cantante-brigitte-bardot-a-los-91-anos.html\" target=\"_blank\" rel=\"noopener\" title=\"Nouvelle fen\u00eatre\">El Pa\u00eds<\/a> et star aux positions \u00ab\u00a0controvers\u00e9es\u00a0\u00bb d\u2019apr\u00e8s le titre londonien <a href=\"https:\/\/www.theguardian.com\/film\/2025\/dec\/28\/brigitte-bardot-image-support-of-far-right\" target=\"_blank\" rel=\"noopener\" title=\"Nouvelle fen\u00eatre\">The Guardian<\/a>, Brigitte Bardot est pr\u00e9sent\u00e9e par la presse internationale et fran\u00e7aise comme une figure m\u00e9diatique trouble. L\u2019ancienne actrice s\u2019est illustr\u00e9e par sa sympathie affich\u00e9e pour le clan lep\u00e9niste et ses saillies islamophobes et racistes \u2013 qui lui ont d\u2019ailleurs valu <a href=\"https:\/\/www.huffingtonpost.fr\/justice\/article\/brigitte-bardot-condamnee-a-20-000-euros-d-amende-pour-injures-publiques_188493.html\" target=\"_blank\" rel=\"noopener\" title=\"Nouvelle fen\u00eatre\">plusieurs condamnations<\/a>.<\/p>\n<p>                     \u00ab\u00a0Furie d\u2019extr\u00eame droite\u00a0\u00bb et \u00ab\u00a0\u00e9toile paradoxale\u00a0\u00bb    <\/p>\n<p class=\"asset asset-text\">C\u2019est cette Brigitte Bardot tr\u00e8s contrast\u00e9e qui ressort en Une de la presse fran\u00e7aise ce lundi matin. Si Le Figaro et Les \u00c9chos saluent une \u00ab\u00a0femme libre\u00a0\u00bb et une \u00ab\u00a0ic\u00f4ne du 7e art\u00a0\u00bb, La Croix titre sur \u00ab\u00a0Les paradoxes d\u2019une \u00e9toile\u00a0\u00bb et \u00e9voque des \u00ab\u00a0prises de position qui ont pu brouiller son image\u00a0\u00bb.<\/p>\n<p>         <img decoding=\"async\" loading=\"lazy\" src=\"https:\/\/www.europesays.com\/fr\/wp-content\/uploads\/2025\/12\/02788be_upload-1-sgambdhayuzf-screenshot-2025-12-29-08-40-19.png\"  width=\"728\" height=\"1032\" alt=\"La Une du \u00ab\u00a0Figaro\u00a0\u00bb du 29\u00a0d\u00e9cembre\u00a02025, au lendemain de la mort de Brigitte Bardot.\"\/>  <\/p>\n<p>Capture d\u2019\u00e9cran \u00ab\u00a0Le Figaro\u00a0\u00bb<\/p>\n<p>La Une du \u00ab\u00a0Figaro\u00a0\u00bb du 29\u00a0d\u00e9cembre\u00a02025, au lendemain de la mort de Brigitte Bardot.<\/p>\n<p>          <img decoding=\"async\" loading=\"lazy\" src=\"https:\/\/www.europesays.com\/fr\/wp-content\/uploads\/2025\/12\/a8d58ad_upload-1-ijensw8x7k6k-screenshot-2025-12-29-08-42-59.png\"  width=\"728\" height=\"904\" alt=\"La Une de l\u2019\u00e9dition du 29\u00a0d\u00e9cembre\u00a02025\u00a0de \u00ab\u00a0La Croix\u00a0\u00bb, au lendemain de la mort de Brigitte Bardot.\"\/>  <\/p>\n<p>Capture d\u2019\u00e9cran \u00ab\u00a0La Croix\u00a0\u00bb<\/p>\n<p>La Une de l\u2019\u00e9dition du 29\u00a0d\u00e9cembre\u00a02025\u00a0de \u00ab\u00a0La Croix\u00a0\u00bb, au lendemain de la mort de Brigitte Bardot.<\/p>\n<p class=\"asset asset-text\">Pour sa Une <strong>que vous pouvez consulter ci-dessous<\/strong>, Lib\u00e9ration a choisi de titrer \u00ab\u00a0BB, face A face B\u00a0\u00bb. Un clin d\u2019\u0153il au fonctionnement des disques que l\u2019ex-actrice a vendus en nombre, mais aussi un moyen de souligner l\u2019h\u00e9ritage paradoxal d\u2019une Brigitte Bardot \u00e0 la fois \u00ab\u00a0idole lumineuse, amie des b\u00eates\u00a0\u00bb et \u00ab\u00a0furie d\u2019extr\u00eame droite\u00a0\u00bb.<\/p>\n<p> La lecture de ce contenu est susceptible d\u2019entra\u00eener un d\u00e9p\u00f4t de cookies de la part de l\u2019op\u00e9rateur tiers qui l\u2019h\u00e9berge. Compte-tenu des choix que vous avez exprim\u00e9s en mati\u00e8re de d\u00e9p\u00f4t de cookies, nous avons bloqu\u00e9 l\u2019affichage de ce contenu. Si vous souhaitez y acc\u00e9der, vous devez accepter la cat\u00e9gorie de cookies \u201cContenus tiers\u201d en cliquant sur le bouton ci-dessous. <\/p>\n<p> Lire la Vid\u00e9o        <\/p>\n<p class=\"asset asset-text\">Son \u00ab\u00a0aura singuli\u00e8re a persist\u00e9 presque \u00e0 proportion de sa v\u00e9h\u00e9mence \u00e0 ruiner l\u2019impressionnant capital mythologique qu\u2019elle avait emmagasin\u00e9\u00a0\u00bb, juge le quotidien dans <a href=\"https:\/\/www.liberation.fr\/culture\/cinema\/bardot-licone-a-trois-faces-20251228_ZFPOHYJ7XJHA7PGR3ABRHCR7JA\/\" target=\"_blank\" rel=\"noopener\" title=\"Nouvelle fen\u00eatre\">son \u00e9dito d\u2019ouverture<\/a>. M\u00eame son de cloche du c\u00f4t\u00e9 de la presse r\u00e9gionale\u00a0: L\u2019Alsace parle en Une d\u2019\u00ab\u00a0ic\u00f4ne contrast\u00e9e\u00a0\u00bb quand Ouest-France titre sur \u00ab\u00a0les facettes d\u2019un mythe\u00a0\u00bb.<\/p>\n<p>                          <img decoding=\"async\" loading=\"lazy\" src=\"https:\/\/www.europesays.com\/fr\/wp-content\/uploads\/2025\/12\/d609893_upload-1-p7qnqzxk23j0-page-0001-h-thumb-3-1766988224475.png\"  width=\"728\" height=\"971\" alt=\"La Une de \u00ab\u00a0L\u2019Alsace\u00a0\u00bb du 29\u00a0d\u00e9cembre\u00a02025, au lendemain de la mort de Brigitte Bardot.\"\/>  <\/p>\n<p>Capture d\u2019\u00e9cran \u00ab\u00a0L\u2019Alsace\u00a0\u00bb<\/p>\n<p>La Une de \u00ab\u00a0L\u2019Alsace\u00a0\u00bb du 29\u00a0d\u00e9cembre\u00a02025, au lendemain de la mort de Brigitte Bardot.<\/p>\n<p>          <img decoding=\"async\" loading=\"lazy\" src=\"https:\/\/www.europesays.com\/fr\/wp-content\/uploads\/2025\/12\/8c7cc0c_upload-1-zqdhc6bwybnl-screenshot-2025-12-29-08-53-55.png\"  width=\"728\" height=\"440\" alt=\"L\u2019article paru dans l\u2019\u00e9dition du 29\u00a0d\u00e9cembre de \u00ab\u00a0Ouest-France\u00a0\u00bb, au lendemain de la mort de Brigitte Bardot.\"\/>  <\/p>\n<p>Capture d\u2019\u00e9cran \u00ab\u00a0Ouest France\u00a0\u00bb<\/p>\n<p>L\u2019article paru dans l\u2019\u00e9dition du 29\u00a0d\u00e9cembre de \u00ab\u00a0Ouest-France\u00a0\u00bb, au lendemain de la mort de Brigitte Bardot.<\/p>\n<p class=\"asset asset-text\">Dans son article, le quotidien r\u00e9gional revient sur \u00ab\u00a0la vie de BB, m\u00e9lange de libert\u00e9s, d\u2019engagements et de controverses\u00a0\u00bb, rappelant qu\u2019elle \u00e9tait \u00ab\u00a0proche de l\u2019extr\u00eame droite et condamn\u00e9e pour des propos racistes\u00a0\u00bb. Ce portrait en clair-obscur, comme tous les autres, aurait fortement d\u00e9plu \u00e0 l\u2019ex-actrice qui a toujours ni\u00e9 les accusations de racisme et ses sympathies frontistes\u2026 tout en continuant les sorties condamnables et condamn\u00e9es.<\/p>\n","protected":false},"excerpt":{"rendered":"Francois Lenoir via Reuters Ce titre sans \u00e9quivoque du \u00ab\u00a0New York Times\u00a0\u00bb donne le ton des Unes de&hellip;\n","protected":false},"author":2,"featured_media":483934,"comment_status":"","ping_status":"","sticky":false,"template":"","format":"standard","meta":{"footnotes":""},"categories":[8],"tags":[20224,650,251,58,59,1011,27,500],"class_list":{"0":"post-627400","1":"post","2":"type-post","3":"status-publish","4":"format-standard","5":"has-post-thumbnail","7":"category-divertissement","8":"tag-brigitte-bardot","9":"tag-cinema","10":"tag-culture","11":"tag-divertissement","12":"tag-entertainment","13":"tag-fr","14":"tag-france","15":"tag-medias"},"share_on_mastodon":{"url":"https:\/\/pubeurope.com\/@fr\/115802497879433143","error":""},"_links":{"self":[{"href":"https:\/\/www.europesays.com\/fr\/wp-json\/wp\/v2\/posts\/627400","targetHints":{"allow":["GET"]}}],"collection":[{"href":"https:\/\/www.europesays.com\/fr\/wp-json\/wp\/v2\/posts"}],"about":[{"href":"https:\/\/www.europesays.com\/fr\/wp-json\/wp\/v2\/types\/post"}],"author":[{"embeddable":true,"href":"https:\/\/www.europesays.com\/fr\/wp-json\/wp\/v2\/users\/2"}],"replies":[{"embeddable":true,"href":"https:\/\/www.europesays.com\/fr\/wp-json\/wp\/v2\/comments?post=627400"}],"version-history":[{"count":0,"href":"https:\/\/www.europesays.com\/fr\/wp-json\/wp\/v2\/posts\/627400\/revisions"}],"wp:featuredmedia":[{"embeddable":true,"href":"https:\/\/www.europesays.com\/fr\/wp-json\/wp\/v2\/media\/483934"}],"wp:attachment":[{"href":"https:\/\/www.europesays.com\/fr\/wp-json\/wp\/v2\/media?parent=627400"}],"wp:term":[{"taxonomy":"category","embeddable":true,"href":"https:\/\/www.europesays.com\/fr\/wp-json\/wp\/v2\/categories?post=627400"},{"taxonomy":"post_tag","embeddable":true,"href":"https:\/\/www.europesays.com\/fr\/wp-json\/wp\/v2\/tags?post=627400"}],"curies":[{"name":"wp","href":"https:\/\/api.w.org\/{rel}","templated":true}]}}