{"id":627410,"date":"2025-12-29T11:02:11","date_gmt":"2025-12-29T11:02:11","guid":{"rendered":"https:\/\/www.europesays.com\/fr\/627410\/"},"modified":"2025-12-29T11:02:11","modified_gmt":"2025-12-29T11:02:11","slug":"festival-arcomik-les-feux-de-lhumour-23eme-edition","status":"publish","type":"post","link":"https:\/\/www.europesays.com\/fr\/627410\/","title":{"rendered":"Festival ArcomiK\u00a0: les feux de l\u2019humour, 23\u00e8me \u00e9dition"},"content":{"rendered":"<p class=\"is-style-chapo\">Du 11 au 21 f\u00e9vrier \u00e0 Saint-Etienne, le festival d\u2019humour ArcomiK sera de retour pour une 23\u00e8me \u00e9dition, dans diff\u00e9rentes communes de la M\u00e9tropole. Comme chaque ann\u00e9e, la programmation oscille entre talents \u00e9mergents ou confirm\u00e9s, avec d\u00e9j\u00e0 pr\u00e8s de la moiti\u00e9 des places mises en vente qui se sont \u00e9coul\u00e9es\u2026<\/p>\n<p><img fetchpriority=\"high\" decoding=\"async\" width=\"1024\" height=\"576\" src=\"https:\/\/www.europesays.com\/fr\/wp-content\/uploads\/2025\/12\/IMG_4927-1-1024x576.jpg\" alt=\"\" class=\"wp-image-81470\"  \/><\/p>\n<p>\u00ab\u00a0Je le rappelle toujours, mais ce festival est n\u00e9 dans un quartier en 2003\u00a0\u00bb, se souvient Farid Bouabdellah, directeur du festival <a href=\"https:\/\/www.arcomik.com\/\" target=\"_blank\" rel=\"noreferrer noopener\">ArcomiK<\/a>, lors de la pr\u00e9sentation de l\u2019\u00e9dition 2026. Le festival d\u2019humour st\u00e9phanois est de retour du 11 au 21 f\u00e9vrier pour une 23\u00e8me \u00e9dition, mais aussi avec une programmation \u00e0 l\u2019ann\u00e9e.<\/p>\n<p>Depuis 2003, il a vu passer de jeunes talents devenus des artistes confirm\u00e9s, mais aussi de grands noms de l\u2019humour comme Florence Foresti, Pablo Mira, ou encore Anne Roumanoff. Cette derni\u00e8re sera d\u2019ailleurs de retour le 19 f\u00e9vrier au Centre des Congr\u00e8s pour cette nouvelle \u00e9dition.<\/p>\n<p>Des spectacles, mais pas que<\/p>\n<p>A ses c\u00f4t\u00e9s, d\u2019autres humoristes confirm\u00e9s comme Nawell Madani, Marine Leonardi, ou encore Tom Baldetti, mais aussi plus \u00e9mergents comme Melissa et Fred, le local de l\u2019\u00e9tape Antek, originaire de Veauche, ou encore la troupe du Jamel Comedy Club. Avec toujours pour les organisateurs et les b\u00e9n\u00e9voles, la volont\u00e9 de proposer un festival populaire et solidaire.<\/p>\n<p>C\u2019est pourquoi, cette ann\u00e9e encore, plusieurs actions culturelles sont organis\u00e9es pendant le festival, dont un atelier vid\u00e9o en partenariat avec la protection judiciaire de la jeunesse, Envie Loire et Enedis, dont le but sera d\u2019\u00e9crire et de r\u00e9aliser de courtes sayn\u00e8tes pour les r\u00e9seaux sociaux, ou encore un atelier beatbox anim\u00e9 par Kosh, pour la jeunesse de Rive-de-Gier. Cette \u00e9dition <a href=\"https:\/\/www.if-saint-etienne.fr\/culture-loisirs\/arcomik-bouffe-de-rire\" target=\"_blank\" rel=\"noreferrer noopener\">d\u2019ArcomiK<\/a> aura \u00e9galement son lot de nouveaut\u00e9s.<\/p>\n<p>Une programmation \u00e0 l\u2019ann\u00e9e<\/p>\n<p>Parmi elles, un nouveau partenariat nou\u00e9 avec la commune de la Talaudi\u00e8re qui n\u2019avait jamais accueilli le festival auparavant. C\u2019est donc au Sou, le 20 f\u00e9vrier, que Melissa et Fred y d\u00e9voileront un nouveau spectacle sur la famille, intitul\u00e9 Parents. Autre nouveaut\u00e9, avec l\u2019ouverture de la Commune Mazerat, pr\u00e9vue le 13 janvier, un karaok\u00e9 gratuit y est organis\u00e9 mercredi 18 f\u00e9vrier \u00e0 20h, avec Thomas Croisi\u00e8re.<\/p>\n<p>A noter que Ma R\u00e9gion a de l\u2019humour sera de retour au Novotel et proposera de d\u00e9couvrir six artistes du territoire s\u00e9lectionn\u00e9s par les \u00e9quipes du festival. Enfin, ArcomiK propose en parall\u00e8le une programmation toute l\u2019ann\u00e9e, avec notamment Redouane Bougheraba le 28 f\u00e9vrier, Bereng\u00e8re Krief le 22 mai, ou encore Arnaud Tsamere le 9 octobre.<\/p>\n","protected":false},"excerpt":{"rendered":"Du 11 au 21 f\u00e9vrier \u00e0 Saint-Etienne, le festival d\u2019humour ArcomiK sera de retour pour une 23\u00e8me \u00e9dition,&hellip;\n","protected":false},"author":2,"featured_media":627411,"comment_status":"","ping_status":"","sticky":false,"template":"","format":"standard","meta":{"footnotes":""},"categories":[9653],"tags":[1111,11,38091,2430,1777,674,73661,73662,1011,27,12,14430,25,4001],"class_list":{"0":"post-627410","1":"post","2":"type-post","3":"status-publish","4":"format-standard","5":"has-post-thumbnail","7":"category-saint-etienne","8":"tag-actu","9":"tag-actualites","10":"tag-arcomik","11":"tag-auvergne-rhone-alpes","12":"tag-eu","13":"tag-europe","14":"tag-farid-bouabdellah","15":"tag-festival-humour-saint-etienne","16":"tag-fr","17":"tag-france","18":"tag-news","19":"tag-recreatif","20":"tag-republique-francaise","21":"tag-saint-etienne"},"share_on_mastodon":{"url":"https:\/\/pubeurope.com\/@fr\/115802521242019121","error":""},"_links":{"self":[{"href":"https:\/\/www.europesays.com\/fr\/wp-json\/wp\/v2\/posts\/627410","targetHints":{"allow":["GET"]}}],"collection":[{"href":"https:\/\/www.europesays.com\/fr\/wp-json\/wp\/v2\/posts"}],"about":[{"href":"https:\/\/www.europesays.com\/fr\/wp-json\/wp\/v2\/types\/post"}],"author":[{"embeddable":true,"href":"https:\/\/www.europesays.com\/fr\/wp-json\/wp\/v2\/users\/2"}],"replies":[{"embeddable":true,"href":"https:\/\/www.europesays.com\/fr\/wp-json\/wp\/v2\/comments?post=627410"}],"version-history":[{"count":0,"href":"https:\/\/www.europesays.com\/fr\/wp-json\/wp\/v2\/posts\/627410\/revisions"}],"wp:featuredmedia":[{"embeddable":true,"href":"https:\/\/www.europesays.com\/fr\/wp-json\/wp\/v2\/media\/627411"}],"wp:attachment":[{"href":"https:\/\/www.europesays.com\/fr\/wp-json\/wp\/v2\/media?parent=627410"}],"wp:term":[{"taxonomy":"category","embeddable":true,"href":"https:\/\/www.europesays.com\/fr\/wp-json\/wp\/v2\/categories?post=627410"},{"taxonomy":"post_tag","embeddable":true,"href":"https:\/\/www.europesays.com\/fr\/wp-json\/wp\/v2\/tags?post=627410"}],"curies":[{"name":"wp","href":"https:\/\/api.w.org\/{rel}","templated":true}]}}