{"id":627414,"date":"2025-12-29T11:04:25","date_gmt":"2025-12-29T11:04:25","guid":{"rendered":"https:\/\/www.europesays.com\/fr\/627414\/"},"modified":"2025-12-29T11:04:25","modified_gmt":"2025-12-29T11:04:25","slug":"individu-neutralise-au-taser-et-policiers-blesses","status":"publish","type":"post","link":"https:\/\/www.europesays.com\/fr\/627414\/","title":{"rendered":"individu neutralis\u00e9 au taser et policiers bless\u00e9s"},"content":{"rendered":"<p>Plusieurs patrouilles de police sont intervenues ce dimanche 28\u00a0d\u00e9cembre vers 16 heures, dans un salon barber, au 41, rue de Metz, \u00e0 Nancy. <\/p>\n<p>Seul \u00e0 l\u2019int\u00e9rieur, l\u2019individu se trouvait dans un \u00e9tat de d\u00e9mence et \u00e9tait en train de tout casser.<\/p>\n<p>Au moment de son interpellation, trois policiers ont \u00e9t\u00e9 bless\u00e9s et deux d\u2019entre eux ont d\u00fb \u00eatre transport\u00e9s vers les urgences de l\u2019h\u00f4pital central de Nancy pour l\u2019un, la clinique de la main Emile-Gall\u00e9, pour l\u2019autre.<\/p>\n<p>  Le trentenaire souffre de schizophr\u00e9nie en rupture de soins <\/p>\n<p>\u00c2g\u00e9 de 33 ans, l\u2019excit\u00e9 a \u00e9t\u00e9 neutralis\u00e9 avec l\u2019usage du pistolet \u00e0 impulsions \u00e9lectriques (taser). Souffrant de schizophr\u00e9nie, le trentenaire \u00e9tait semble-t-il en rupture de soins. <\/p>\n<p>Pris en charge par les pompiers, il a \u00e9t\u00e9 conduit vers les urgences psychiatriques du CHRU. <\/p>\n<p>D\u00e8s lors que son \u00e9tat sera stabilis\u00e9 et jug\u00e9 compatible\u00a0avec une garde \u00e0 vue, le Nanc\u00e9ien devrait \u00eatre auditionn\u00e9 par les policiers du groupe d\u2019action judiciaire.<\/p>\n","protected":false},"excerpt":{"rendered":"Plusieurs patrouilles de police sont intervenues ce dimanche 28\u00a0d\u00e9cembre vers 16 heures, dans un salon barber, au 41,&hellip;\n","protected":false},"author":2,"featured_media":627415,"comment_status":"","ping_status":"","sticky":false,"template":"","format":"standard","meta":{"footnotes":""},"categories":[9635],"tags":[1111,11,271,272,1704,1777,674,274,1011,27,775,3457,1702,1703,12,3456,25],"class_list":{"0":"post-627414","1":"post","2":"type-post","3":"status-publish","4":"format-standard","5":"has-post-thumbnail","7":"category-nancy","8":"tag-actu","9":"tag-actualites","10":"tag-crime","11":"tag-delit-et-contravention","12":"tag-edition-nancy-et-agglomeration","13":"tag-eu","14":"tag-europe","15":"tag-faits-divers-justice","16":"tag-fr","17":"tag-france","18":"tag-grand-est","19":"tag-meurthe-et-moselle","20":"tag-nancy","21":"tag-nancy-ville-54b","22":"tag-news","23":"tag-region-lorraine","24":"tag-republique-francaise"},"share_on_mastodon":{"url":"https:\/\/pubeurope.com\/@fr\/115802529301405819","error":""},"_links":{"self":[{"href":"https:\/\/www.europesays.com\/fr\/wp-json\/wp\/v2\/posts\/627414","targetHints":{"allow":["GET"]}}],"collection":[{"href":"https:\/\/www.europesays.com\/fr\/wp-json\/wp\/v2\/posts"}],"about":[{"href":"https:\/\/www.europesays.com\/fr\/wp-json\/wp\/v2\/types\/post"}],"author":[{"embeddable":true,"href":"https:\/\/www.europesays.com\/fr\/wp-json\/wp\/v2\/users\/2"}],"replies":[{"embeddable":true,"href":"https:\/\/www.europesays.com\/fr\/wp-json\/wp\/v2\/comments?post=627414"}],"version-history":[{"count":0,"href":"https:\/\/www.europesays.com\/fr\/wp-json\/wp\/v2\/posts\/627414\/revisions"}],"wp:featuredmedia":[{"embeddable":true,"href":"https:\/\/www.europesays.com\/fr\/wp-json\/wp\/v2\/media\/627415"}],"wp:attachment":[{"href":"https:\/\/www.europesays.com\/fr\/wp-json\/wp\/v2\/media?parent=627414"}],"wp:term":[{"taxonomy":"category","embeddable":true,"href":"https:\/\/www.europesays.com\/fr\/wp-json\/wp\/v2\/categories?post=627414"},{"taxonomy":"post_tag","embeddable":true,"href":"https:\/\/www.europesays.com\/fr\/wp-json\/wp\/v2\/tags?post=627414"}],"curies":[{"name":"wp","href":"https:\/\/api.w.org\/{rel}","templated":true}]}}