{"id":627422,"date":"2025-12-29T11:08:09","date_gmt":"2025-12-29T11:08:09","guid":{"rendered":"https:\/\/www.europesays.com\/fr\/627422\/"},"modified":"2025-12-29T11:08:09","modified_gmt":"2025-12-29T11:08:09","slug":"lactualite-et-linsolite-au-fil-de-lannee-quinze-images-pour-resumer-2025-a-montpellier","status":"publish","type":"post","link":"https:\/\/www.europesays.com\/fr\/627422\/","title":{"rendered":"L\u2019actualit\u00e9 et l\u2019insolite au fil de l\u2019ann\u00e9e\u00a0: quinze images pour r\u00e9sumer 2025 \u00e0 Montpellier"},"content":{"rendered":"<p>D\u2019actualit\u00e9 ou insolites, les images rythment le quotidien de notre territoire. Dans le viseur des photographes de la r\u00e9daction, drames, exploits, moments de vie\u2026 se succ\u00e8dent, racontant une ann\u00e9e 2025 capt\u00e9e sur le vif, entre \u00e9motion et curiosit\u00e9 \u00e0 Montpellier.<\/p>\n<p>Une s\u00e9lection de quinze photos<\/p>\n<p>Voici une toute petite s\u00e9lection parmi les milliers de clich\u00e9s r\u00e9alis\u00e9s.<\/p>\n<p>\u00a0<\/p>\n","protected":false},"excerpt":{"rendered":"D\u2019actualit\u00e9 ou insolites, les images rythment le quotidien de notre territoire. Dans le viseur des photographes de la&hellip;\n","protected":false},"author":2,"featured_media":627423,"comment_status":"","ping_status":"","sticky":false,"template":"","format":"standard","meta":{"footnotes":""},"categories":[9599],"tags":[1111,11,1777,674,1011,27,7089,2208,12,2680,25,1857],"class_list":{"0":"post-627422","1":"post","2":"type-post","3":"status-publish","4":"format-standard","5":"has-post-thumbnail","7":"category-montpellier","8":"tag-actu","9":"tag-actualites","10":"tag-eu","11":"tag-europe","12":"tag-fr","13":"tag-france","14":"tag-herault","15":"tag-montpellier","16":"tag-news","17":"tag-occitanie","18":"tag-republique-francaise","19":"tag-sociu00e9tu00e9"},"share_on_mastodon":{"url":"https:\/\/pubeurope.com\/@fr\/115802544888057834","error":""},"_links":{"self":[{"href":"https:\/\/www.europesays.com\/fr\/wp-json\/wp\/v2\/posts\/627422","targetHints":{"allow":["GET"]}}],"collection":[{"href":"https:\/\/www.europesays.com\/fr\/wp-json\/wp\/v2\/posts"}],"about":[{"href":"https:\/\/www.europesays.com\/fr\/wp-json\/wp\/v2\/types\/post"}],"author":[{"embeddable":true,"href":"https:\/\/www.europesays.com\/fr\/wp-json\/wp\/v2\/users\/2"}],"replies":[{"embeddable":true,"href":"https:\/\/www.europesays.com\/fr\/wp-json\/wp\/v2\/comments?post=627422"}],"version-history":[{"count":0,"href":"https:\/\/www.europesays.com\/fr\/wp-json\/wp\/v2\/posts\/627422\/revisions"}],"wp:featuredmedia":[{"embeddable":true,"href":"https:\/\/www.europesays.com\/fr\/wp-json\/wp\/v2\/media\/627423"}],"wp:attachment":[{"href":"https:\/\/www.europesays.com\/fr\/wp-json\/wp\/v2\/media?parent=627422"}],"wp:term":[{"taxonomy":"category","embeddable":true,"href":"https:\/\/www.europesays.com\/fr\/wp-json\/wp\/v2\/categories?post=627422"},{"taxonomy":"post_tag","embeddable":true,"href":"https:\/\/www.europesays.com\/fr\/wp-json\/wp\/v2\/tags?post=627422"}],"curies":[{"name":"wp","href":"https:\/\/api.w.org\/{rel}","templated":true}]}}