{"id":627424,"date":"2025-12-29T11:09:14","date_gmt":"2025-12-29T11:09:14","guid":{"rendered":"https:\/\/www.europesays.com\/fr\/627424\/"},"modified":"2025-12-29T11:09:14","modified_gmt":"2025-12-29T11:09:14","slug":"cdf-metz-montpellier-prevente-abonnes-football-club-de-metz-infos-fc-metz-entrainements-fc-metz","status":"publish","type":"post","link":"https:\/\/www.europesays.com\/fr\/627424\/","title":{"rendered":"CDF : Metz &#8211; Montpellier, pr\u00e9vente abonn\u00e9s | Football Club de Metz &#8211; Infos FC Metz &#8211; Entra\u00eenements FC Metz"},"content":{"rendered":"<p style=\"text-align: justify;\">Le dimanche\u00a011 janvier 2026, les Grenats accueilleront le Montpellier HSC, \u00e0 l&rsquo;occasion des 16es de finale de la Coupe de France Cr\u00e9dit Agricole. Le coup d&rsquo;envoi de cette rencontre sera donn\u00e9 \u00e0 18h00.\u00a0<\/p>\n<p><a href=\"https:\/\/www.billetterie-fcmetz.com\/fr\" target=\"_blank\" rel=\"noopener\"><img decoding=\"async\" alt=\"\" src=\"https:\/\/www.europesays.com\/fr\/wp-content\/uploads\/2025\/12\/twitter_prevente_abo.jpg\" style=\"width: 100%;\"\/><\/a><\/p>\n<p style=\"text-align: justify;\">En tant qu&rsquo;abonn\u00e9(e), profitez d&rsquo;une pr\u00e9vente exclusive pour assurer votre place dans la tribune de votre choix ! Pendant 2 jours (du lundi 29 d\u00e9cembre \u00e0 10h00 jusqu&rsquo;au mardi 30 d\u00e9cembre \u00e0 23h59 &#8211; dans la limite d&rsquo;un billet par abonnement), r\u00e9servez vos billets en tribunes Nord, Est Basse, Ouest Basse ou Sud Basse au prix unique de 10\u20ac.\u00a0<\/p>\n<p style=\"text-align: center;\"><strong><a href=\"https:\/\/www.billetterie-fcmetz.com\/fr\" target=\"_blank\" rel=\"noopener\">Je prends mes billets !<\/a><\/strong><\/p>\n","protected":false},"excerpt":{"rendered":"Le dimanche\u00a011 janvier 2026, les Grenats accueilleront le Montpellier HSC, \u00e0 l&rsquo;occasion des 16es de finale de la&hellip;\n","protected":false},"author":2,"featured_media":627425,"comment_status":"","ping_status":"","sticky":false,"template":"","format":"standard","meta":{"footnotes":""},"categories":[9599],"tags":[1111,11,19298,1777,674,1011,27,19297,2208,12,2680,25,19299],"class_list":{"0":"post-627424","1":"post","2":"type-post","3":"status-publish","4":"format-standard","5":"has-post-thumbnail","7":"category-montpellier","8":"tag-actu","9":"tag-actualites","10":"tag-entrainements-fc-metz","11":"tag-eu","12":"tag-europe","13":"tag-fr","14":"tag-france","15":"tag-infos-fc-metz","16":"tag-montpellier","17":"tag-news","18":"tag-occitanie","19":"tag-republique-francaise","20":"tag-videos-fc-metz"},"share_on_mastodon":{"url":"https:\/\/pubeurope.com\/@fr\/115802548831081796","error":""},"_links":{"self":[{"href":"https:\/\/www.europesays.com\/fr\/wp-json\/wp\/v2\/posts\/627424","targetHints":{"allow":["GET"]}}],"collection":[{"href":"https:\/\/www.europesays.com\/fr\/wp-json\/wp\/v2\/posts"}],"about":[{"href":"https:\/\/www.europesays.com\/fr\/wp-json\/wp\/v2\/types\/post"}],"author":[{"embeddable":true,"href":"https:\/\/www.europesays.com\/fr\/wp-json\/wp\/v2\/users\/2"}],"replies":[{"embeddable":true,"href":"https:\/\/www.europesays.com\/fr\/wp-json\/wp\/v2\/comments?post=627424"}],"version-history":[{"count":0,"href":"https:\/\/www.europesays.com\/fr\/wp-json\/wp\/v2\/posts\/627424\/revisions"}],"wp:featuredmedia":[{"embeddable":true,"href":"https:\/\/www.europesays.com\/fr\/wp-json\/wp\/v2\/media\/627425"}],"wp:attachment":[{"href":"https:\/\/www.europesays.com\/fr\/wp-json\/wp\/v2\/media?parent=627424"}],"wp:term":[{"taxonomy":"category","embeddable":true,"href":"https:\/\/www.europesays.com\/fr\/wp-json\/wp\/v2\/categories?post=627424"},{"taxonomy":"post_tag","embeddable":true,"href":"https:\/\/www.europesays.com\/fr\/wp-json\/wp\/v2\/tags?post=627424"}],"curies":[{"name":"wp","href":"https:\/\/api.w.org\/{rel}","templated":true}]}}