{"id":627432,"date":"2025-12-29T11:13:10","date_gmt":"2025-12-29T11:13:10","guid":{"rendered":"https:\/\/www.europesays.com\/fr\/627432\/"},"modified":"2025-12-29T11:13:10","modified_gmt":"2025-12-29T11:13:10","slug":"alain-carignon-rend-hommage-a-brigitte-bardot-a-travers-une-anecdote-marquante-2","status":"publish","type":"post","link":"https:\/\/www.europesays.com\/fr\/627432\/","title":{"rendered":"Alain Carignon rend hommage \u00e0 Brigitte Bardot \u00e0 travers une anecdote marquante"},"content":{"rendered":"<p itemprop=\"description\"><strong>Ancien maire de Grenoble et candidat aux prochaines \u00e9lections municipales, Alain Carignon a livr\u00e9 un hommage personnel \u00e0 Brigitte Bardot, disparue ce dimanche \u00e0 l&rsquo;\u00e2ge de 91 ans.<\/strong><\/p>\n<p>Alain Carignon revient sur une rencontre qui l\u2019a durablement marqu\u00e9. Il \u00e9voque l\u2019image d\u2019une actrice ayant \u00ab\u00a0incarn\u00e9 la France avec \u00e9clat et beaut\u00e9\u00a0\u00bb, mais insiste surtout sur une femme ayant, selon lui, fait le choix de la sinc\u00e9rit\u00e9 et de l\u2019engagement, \u00ab\u00a0quelles qu\u2019en soient les cons\u00e9quences pour son propre confort\u00a0\u00bb.<\/p>\n<p>L&rsquo;ex-ministre de l&rsquo;Environnement relate ainsi la visite de Brigitte Bardot au minist\u00e8re, venue d\u00e9fendre la cause animale. Une visite qui, \u00e9crit-il, avait rompu avec les usages habituels, les portes des bureaux restant ouvertes sur son passage. Alors qu\u2019il reconna\u00eet avoir \u00e9t\u00e9 davantage frapp\u00e9 par la pr\u00e9sence et la voix de l\u2019actrice que par ses paroles, l\u2019\u00e9change prend une tournure inattendue : Brigitte Bardot lui saisit soudain le mollet, appuie ses ongles et lui lance : \u00ab\u00a0C\u2019est tr\u00e8s peu de chose, monsieur le ministre, que cette douleur, imaginez celle des animaux qui meurent lentement pris par un pi\u00e8ge \u00e0 m\u00e2choire\u2026\u00a0\u00bb, avant de lui demander d\u2019interdire cette pratique.<\/p>\n<p>Un geste que l\u2019ancien ministre interpr\u00e8te comme la d\u00e9monstration d\u2019un engagement \u00ab\u00a0sinc\u00e8re\u00a0\u00bb et sans compromis.<\/p>\n","protected":false},"excerpt":{"rendered":"Ancien maire de Grenoble et candidat aux prochaines \u00e9lections municipales, Alain Carignon a livr\u00e9 un hommage personnel \u00e0&hellip;\n","protected":false},"author":2,"featured_media":627431,"comment_status":"","ping_status":"","sticky":false,"template":"","format":"standard","meta":{"footnotes":""},"categories":[9566],"tags":[1111,11,2813,2430,1109,251,1112,2811,1777,674,118,1011,27,21780,2731,14004,1922,1110,1114,108,12,316,25,2812,517,800],"class_list":{"0":"post-627432","1":"post","2":"type-post","3":"status-publish","4":"format-standard","5":"has-post-thumbnail","7":"category-grenoble","8":"tag-actu","9":"tag-actualites","10":"tag-article","11":"tag-auvergne-rhone-alpes","12":"tag-breves","13":"tag-culture","14":"tag-depeches","15":"tag-economique","16":"tag-eu","17":"tag-europe","18":"tag-faits-divers","19":"tag-fr","20":"tag-france","21":"tag-gf38","22":"tag-grenoble","23":"tag-grenoblemag","24":"tag-info","25":"tag-informations","26":"tag-infos","27":"tag-isere","28":"tag-news","29":"tag-politique","30":"tag-republique-francaise","31":"tag-sociale","32":"tag-sport","33":"tag-transports"},"share_on_mastodon":{"url":"https:\/\/pubeurope.com\/@fr\/115802564588341257","error":""},"_links":{"self":[{"href":"https:\/\/www.europesays.com\/fr\/wp-json\/wp\/v2\/posts\/627432","targetHints":{"allow":["GET"]}}],"collection":[{"href":"https:\/\/www.europesays.com\/fr\/wp-json\/wp\/v2\/posts"}],"about":[{"href":"https:\/\/www.europesays.com\/fr\/wp-json\/wp\/v2\/types\/post"}],"author":[{"embeddable":true,"href":"https:\/\/www.europesays.com\/fr\/wp-json\/wp\/v2\/users\/2"}],"replies":[{"embeddable":true,"href":"https:\/\/www.europesays.com\/fr\/wp-json\/wp\/v2\/comments?post=627432"}],"version-history":[{"count":0,"href":"https:\/\/www.europesays.com\/fr\/wp-json\/wp\/v2\/posts\/627432\/revisions"}],"wp:featuredmedia":[{"embeddable":true,"href":"https:\/\/www.europesays.com\/fr\/wp-json\/wp\/v2\/media\/627431"}],"wp:attachment":[{"href":"https:\/\/www.europesays.com\/fr\/wp-json\/wp\/v2\/media?parent=627432"}],"wp:term":[{"taxonomy":"category","embeddable":true,"href":"https:\/\/www.europesays.com\/fr\/wp-json\/wp\/v2\/categories?post=627432"},{"taxonomy":"post_tag","embeddable":true,"href":"https:\/\/www.europesays.com\/fr\/wp-json\/wp\/v2\/tags?post=627432"}],"curies":[{"name":"wp","href":"https:\/\/api.w.org\/{rel}","templated":true}]}}