{"id":627433,"date":"2025-12-29T11:14:19","date_gmt":"2025-12-29T11:14:19","guid":{"rendered":"https:\/\/www.europesays.com\/fr\/627433\/"},"modified":"2025-12-29T11:14:19","modified_gmt":"2025-12-29T11:14:19","slug":"le-salon-du-voyage-fait-son-retour-a-laeroport-en-janvier-2026","status":"publish","type":"post","link":"https:\/\/www.europesays.com\/fr\/627433\/","title":{"rendered":"Le salon du voyage fait son retour \u00e0 l\u2019a\u00e9roport en janvier 2026"},"content":{"rendered":"<p style=\"text-align: justify;\" data-start=\"128\" data-end=\"712\">Apr\u00e8s une premi\u00e8re \u00e9dition couronn\u00e9e de succ\u00e8s avec plus de 2 200 visiteurs, l\u2019A\u00e9roport Rennes Bretagne organise la seconde \u00e9dition de son salon \u00ab Rennes Voyage ! \u00bb. L\u2019\u00e9v\u00e9nement se d\u00e9roulera du vendredi 16 au dimanche 18 janvier 2026, au 1er \u00e9tage du terminal. Il sera gratuit et ouvert \u00e0 tous, avec un acc\u00e8s facilit\u00e9 gr\u00e2ce \u00e0 un parking offert sur pr\u00e9sentation du billet \u00e0 t\u00e9l\u00e9charger en ligne. \u00ab Ce salon r\u00e9pond \u00e0 une vraie attente du public : pouvoir s\u2019informer, \u00e9changer et pr\u00e9parer ses voyages dans un cadre simple et accessible \u00bb, souligne l\u2019organisation.<\/p>\n<p style=\"text-align: justify;\" data-start=\"714\" data-end=\"1318\">Pens\u00e9 comme un rendez-vous grand public, \u00ab Rennes Voyage ! \u00bb s\u2019adresse aussi bien aux voyageurs occasionnels qu\u2019aux habitu\u00e9s des d\u00e9parts en avion. Conf\u00e9rences, stands et temps d\u2019\u00e9changes permettront de rencontrer agences de voyages, compagnies a\u00e9riennes et offices de tourisme. \u00ab L\u2019objectif est d\u2019aider chacun \u00e0 construire son projet, tout en montrant que partir depuis Rennes est fluide, rassurant et pratique \u00bb, explique un responsable de la plateforme. Le salon mettra \u00e9galement en avant les services de l\u2019a\u00e9roport, de l\u2019arriv\u00e9e au terminal jusqu\u2019aux contr\u00f4les de s\u00e9curit\u00e9, pour un d\u00e9part plus serein.<\/p>\n<p style=\"text-align: justify;\" data-start=\"1320\" data-end=\"1935\">Cette \u00e9dition 2026 sera aussi l\u2019occasion de rappeler l\u2019\u00e9tendue de l\u2019offre a\u00e9rienne rennaise. L\u2019a\u00e9roport dessert pr\u00e8s de 200 destinations via des vols directs ou avec escale. En 2025, 14 destinations sont propos\u00e9es en direct, dont six en France \u2014 Paris-CDG, Lyon, Marseille, Montpellier, Nice et Toulouse \u2014 et huit \u00e0 l\u2019international, parmi lesquelles Amsterdam, Londres Gatwick, Barcelone, Dublin, Gen\u00e8ve ou encore Marrakech. \u00ab Beaucoup de voyageurs ignorent encore la diversit\u00e9 des liaisons disponibles depuis Rennes \u00bb, note l\u2019organisation.<\/p>\n<p style=\"text-align: justify;\" data-start=\"1937\" data-end=\"2589\">\u00ab Rennes Voyage ! \u00bb s\u2019inscrit dans un contexte de dynamisme global de l\u2019a\u00e9roport. En 2024, la plateforme a accueilli 512 000 passagers et transport\u00e9 plus de 10 000 tonnes de fret, confirmant son r\u00f4le de 8e plateforme r\u00e9gionale fran\u00e7aise dans ce domaine. Animations, tirages au sort et jeux viendront compl\u00e9ter les conf\u00e9rences, avec \u00e0 la cl\u00e9 plusieurs lots, dont des vols \u00e0 gagner au d\u00e9part de Rennes. Un food truck sera \u00e9galement pr\u00e9sent sur place, en compl\u00e9ment de l\u2019offre de restauration existante. Un salon utile, mais aussi convivial, o\u00f9 l\u2019on prend le temps de r\u00eaver \u00e0 ses prochaines vacances. Infos pratiques : Vendredi 16 janvier : 13h \u2013 17h, Samedi 17 janvier : 10h \u2013 17h, Dimanche 18 janvier : 10h \u2013 15h30. A\u00e9roport Rennes Bretagne \u2013 1er \u00e9tage. Entr\u00e9e et parking gratuits sur pr\u00e9sentation du billet \u00e0 t\u00e9l\u00e9charger. <strong data-start=\"2889\" data-end=\"2904\">Billetterie<\/strong> : <a class=\"decorated-link\" href=\"https:\/\/bit.ly\/Rennes-voyage2026\" target=\"_new\" rel=\"noopener\" data-start=\"2907\" data-end=\"2939\">https:\/\/bit.ly\/Rennes-voyage2026<\/a><\/p>\n","protected":false},"excerpt":{"rendered":"Apr\u00e8s une premi\u00e8re \u00e9dition couronn\u00e9e de succ\u00e8s avec plus de 2 200 visiteurs, l\u2019A\u00e9roport Rennes Bretagne organise la&hellip;\n","protected":false},"author":2,"featured_media":99597,"comment_status":"","ping_status":"","sticky":false,"template":"","format":"standard","meta":{"footnotes":""},"categories":[2821],"tags":[1111,11,829,1777,674,1011,27,12,584,25],"class_list":{"0":"post-627433","1":"post","2":"type-post","3":"status-publish","4":"format-standard","5":"has-post-thumbnail","7":"category-rennes","8":"tag-actu","9":"tag-actualites","10":"tag-bretagne","11":"tag-eu","12":"tag-europe","13":"tag-fr","14":"tag-france","15":"tag-news","16":"tag-rennes","17":"tag-republique-francaise"},"share_on_mastodon":{"url":"https:\/\/pubeurope.com\/@fr\/115802568555474927","error":""},"_links":{"self":[{"href":"https:\/\/www.europesays.com\/fr\/wp-json\/wp\/v2\/posts\/627433","targetHints":{"allow":["GET"]}}],"collection":[{"href":"https:\/\/www.europesays.com\/fr\/wp-json\/wp\/v2\/posts"}],"about":[{"href":"https:\/\/www.europesays.com\/fr\/wp-json\/wp\/v2\/types\/post"}],"author":[{"embeddable":true,"href":"https:\/\/www.europesays.com\/fr\/wp-json\/wp\/v2\/users\/2"}],"replies":[{"embeddable":true,"href":"https:\/\/www.europesays.com\/fr\/wp-json\/wp\/v2\/comments?post=627433"}],"version-history":[{"count":0,"href":"https:\/\/www.europesays.com\/fr\/wp-json\/wp\/v2\/posts\/627433\/revisions"}],"wp:featuredmedia":[{"embeddable":true,"href":"https:\/\/www.europesays.com\/fr\/wp-json\/wp\/v2\/media\/99597"}],"wp:attachment":[{"href":"https:\/\/www.europesays.com\/fr\/wp-json\/wp\/v2\/media?parent=627433"}],"wp:term":[{"taxonomy":"category","embeddable":true,"href":"https:\/\/www.europesays.com\/fr\/wp-json\/wp\/v2\/categories?post=627433"},{"taxonomy":"post_tag","embeddable":true,"href":"https:\/\/www.europesays.com\/fr\/wp-json\/wp\/v2\/tags?post=627433"}],"curies":[{"name":"wp","href":"https:\/\/api.w.org\/{rel}","templated":true}]}}