{"id":627436,"date":"2025-12-29T11:16:25","date_gmt":"2025-12-29T11:16:25","guid":{"rendered":"https:\/\/www.europesays.com\/fr\/627436\/"},"modified":"2025-12-29T11:16:25","modified_gmt":"2025-12-29T11:16:25","slug":"strasbourg-a-la-decouverte-du-ciel-dhiver-au-planetarium","status":"publish","type":"post","link":"https:\/\/www.europesays.com\/fr\/627436\/","title":{"rendered":"Strasbourg. \u00c0\u00a0la d\u00e9couverte du ciel d&rsquo;hiver au plan\u00e9tarium"},"content":{"rendered":"<p>Rep\u00e9rer la Lune, l\u2019\u00e9toile Polaire (particuli\u00e8rement peu brillante), les plan\u00e8tes Jupiter et Saturne, bien visibles, ou les deux constellations de la grande et de la petite casserole, (aussi appel\u00e9es grand et petit chariot)\u00a0: tout cela semble un jeu d\u2019enfants. Surtout pour les plus jeunes visiteurs du plan\u00e9tarium, de cet\u00a0apr\u00e8s-midi du dimanche 28 d\u00e9cembre, venus assister au spectacle&#8230;<\/p>\n","protected":false},"excerpt":{"rendered":"Rep\u00e9rer la Lune, l\u2019\u00e9toile Polaire (particuli\u00e8rement peu brillante), les plan\u00e8tes Jupiter et Saturne, bien visibles, ou les deux&hellip;\n","protected":false},"author":2,"featured_media":627437,"comment_status":"","ping_status":"","sticky":false,"template":"","format":"standard","meta":{"footnotes":""},"categories":[2820],"tags":[1111,11,6211,1687,2880,1057,1777,674,107,1011,27,775,12,5486,25,767,640,2879],"class_list":{"0":"post-627436","1":"post","2":"type-post","3":"status-publish","4":"format-standard","5":"has-post-thumbnail","7":"category-strasbourg","8":"tag-actu","9":"tag-actualites","10":"tag-conference","11":"tag-culture-loisirs","12":"tag-edition-strasbourg","13":"tag-education","14":"tag-eu","15":"tag-europe","16":"tag-fil-info","17":"tag-fr","18":"tag-france","19":"tag-grand-est","20":"tag-news","21":"tag-rencontre","22":"tag-republique-francaise","23":"tag-science-et-technologie","24":"tag-strasbourg","25":"tag-strasbourg-ville"},"share_on_mastodon":{"url":"https:\/\/pubeurope.com\/@fr\/115802576413885839","error":""},"_links":{"self":[{"href":"https:\/\/www.europesays.com\/fr\/wp-json\/wp\/v2\/posts\/627436","targetHints":{"allow":["GET"]}}],"collection":[{"href":"https:\/\/www.europesays.com\/fr\/wp-json\/wp\/v2\/posts"}],"about":[{"href":"https:\/\/www.europesays.com\/fr\/wp-json\/wp\/v2\/types\/post"}],"author":[{"embeddable":true,"href":"https:\/\/www.europesays.com\/fr\/wp-json\/wp\/v2\/users\/2"}],"replies":[{"embeddable":true,"href":"https:\/\/www.europesays.com\/fr\/wp-json\/wp\/v2\/comments?post=627436"}],"version-history":[{"count":0,"href":"https:\/\/www.europesays.com\/fr\/wp-json\/wp\/v2\/posts\/627436\/revisions"}],"wp:featuredmedia":[{"embeddable":true,"href":"https:\/\/www.europesays.com\/fr\/wp-json\/wp\/v2\/media\/627437"}],"wp:attachment":[{"href":"https:\/\/www.europesays.com\/fr\/wp-json\/wp\/v2\/media?parent=627436"}],"wp:term":[{"taxonomy":"category","embeddable":true,"href":"https:\/\/www.europesays.com\/fr\/wp-json\/wp\/v2\/categories?post=627436"},{"taxonomy":"post_tag","embeddable":true,"href":"https:\/\/www.europesays.com\/fr\/wp-json\/wp\/v2\/tags?post=627436"}],"curies":[{"name":"wp","href":"https:\/\/api.w.org\/{rel}","templated":true}]}}