{"id":627438,"date":"2025-12-29T11:17:24","date_gmt":"2025-12-29T11:17:24","guid":{"rendered":"https:\/\/www.europesays.com\/fr\/627438\/"},"modified":"2025-12-29T11:17:24","modified_gmt":"2025-12-29T11:17:24","slug":"rc-strasbourg-et-si-rosenior-partait-a","status":"publish","type":"post","link":"https:\/\/www.europesays.com\/fr\/627438\/","title":{"rendered":"RC Strasbourg : Et si Rosenior partait \u00e0&#8230;"},"content":{"rendered":"<p>L\u2019entra\u00eeneur strasbourgeois ne manque d\u2019ambition, et un club de Premier League a d\u00e9j\u00e0 toqu\u00e9 \u00e0 la porte.<\/p>\n<p>Les performances de Liam Rosenior \u00e0 la t\u00eate du RC Strasbourg n\u2019ont pas laiss\u00e9 la Premier League indiff\u00e9rente. Selon les informations de talkSPORT, Fulham, actuellement 15e du championnat anglais, suivrait de pr\u00e8s l\u2019entra\u00eeneur du RCSA. Une reconnaissance qui traduit la remont\u00e9e de cote de Rosenior apr\u00e8s deux exp\u00e9riences difficiles \u00e0 Derby County puis Hull City. Arriv\u00e9 \u00e0 Strasbourg en juillet 2024, choisi par BlueCo pour d\u00e9velopper un projet ambitieux m\u00ealant jeunes talents et comp\u00e9titions europ\u00e9ennes, le technicien anglais parvient progressivement \u00e0 installer son style et \u00e0 redonner de l\u2019\u00e9lan au club alsacien. Ses bonnes performances en Ligue Conf\u00e9rence et ses ambitions clairement affich\u00e9es ont raviv\u00e9 les int\u00e9r\u00eats outre-Manche, o\u00f9 plusieurs clubs envisagent d\u00e9sormais de lui confier un r\u00f4le principal.<\/p>\n<p>Pourtant, Rosenior ne semble pas s\u00e9duit par l\u2019id\u00e9e de rejoindre Fulham. Selon L\u2019\u00c9quipe, l\u2019entra\u00eeneur aspire \u00e0 mieux qu\u2019un club de fond de tableau et ne cache pas que, s\u2019il r\u00eave de revenir en Premier League, ce serait pour viser un projet plus ambitieux. Son entourage confirme : \u00ab\u00a0\u00c0 son \u00e2ge, \u00e0 ce stade de sa carri\u00e8re, le Racing est un super endroit pour exp\u00e9rimenter, apprendre \u00e0 g\u00e9rer des jeunes \u00e0 fort potentiel\u2026 avant d\u2019aller voir plus haut\u00a0\u00bb. Strasbourg traverse toutefois une p\u00e9riode d\u00e9licate avec six d\u00e9faites en dix matchs, ce qui renforce la pression autour du coach anglais. Reste \u00e0 voir si Rosenior saura relancer son \u00e9quipe et confirmer qu\u2019il a les \u00e9paules pour diriger, un jour, un grand club anglais.<\/p>\n<blockquote class=\"twitter-tweet\">\n<p lang=\"en\" dir=\"ltr\">&lsquo;My hero in life is Sir Alex Ferguson&rsquo;<\/p>\n<p>Strasbourg boss Liam Rosenior on the &lsquo;privilege&rsquo; of facing Aberdeen in the Europa Conference League.<a href=\"https:\/\/twitter.com\/hashtag\/BBCFootball?src=hash&amp;ref_src=twsrc%5Etfw\" target=\"_blank\" rel=\"noopener\">#BBCFootball<\/a> <a href=\"https:\/\/t.co\/e6QJMcY0AF\">pic.twitter.com\/e6QJMcY0AF<\/a><\/p>\n<p>\u2014 BBC Sport Scotland (@BBCSportScot) <a href=\"https:\/\/twitter.com\/BBCSportScot\/status\/1998830323631796494?ref_src=twsrc%5Etfw\" target=\"_blank\" rel=\"noopener\">December 10, 2025<\/a><\/p><\/blockquote>\n<p><script async src=\"https:\/\/platform.twitter.com\/widgets.js\" charset=\"utf-8\"><\/script><\/p>\n","protected":false},"excerpt":{"rendered":"L\u2019entra\u00eeneur strasbourgeois ne manque d\u2019ambition, et un club de Premier League a d\u00e9j\u00e0 toqu\u00e9 \u00e0 la porte. Les&hellip;\n","protected":false},"author":2,"featured_media":627439,"comment_status":"","ping_status":"","sticky":false,"template":"","format":"standard","meta":{"footnotes":""},"categories":[2820],"tags":[1111,11,1777,674,1011,27,775,12,25,640],"class_list":{"0":"post-627438","1":"post","2":"type-post","3":"status-publish","4":"format-standard","5":"has-post-thumbnail","7":"category-strasbourg","8":"tag-actu","9":"tag-actualites","10":"tag-eu","11":"tag-europe","12":"tag-fr","13":"tag-france","14":"tag-grand-est","15":"tag-news","16":"tag-republique-francaise","17":"tag-strasbourg"},"share_on_mastodon":{"url":"https:\/\/pubeurope.com\/@fr\/115802580368858578","error":""},"_links":{"self":[{"href":"https:\/\/www.europesays.com\/fr\/wp-json\/wp\/v2\/posts\/627438","targetHints":{"allow":["GET"]}}],"collection":[{"href":"https:\/\/www.europesays.com\/fr\/wp-json\/wp\/v2\/posts"}],"about":[{"href":"https:\/\/www.europesays.com\/fr\/wp-json\/wp\/v2\/types\/post"}],"author":[{"embeddable":true,"href":"https:\/\/www.europesays.com\/fr\/wp-json\/wp\/v2\/users\/2"}],"replies":[{"embeddable":true,"href":"https:\/\/www.europesays.com\/fr\/wp-json\/wp\/v2\/comments?post=627438"}],"version-history":[{"count":0,"href":"https:\/\/www.europesays.com\/fr\/wp-json\/wp\/v2\/posts\/627438\/revisions"}],"wp:featuredmedia":[{"embeddable":true,"href":"https:\/\/www.europesays.com\/fr\/wp-json\/wp\/v2\/media\/627439"}],"wp:attachment":[{"href":"https:\/\/www.europesays.com\/fr\/wp-json\/wp\/v2\/media?parent=627438"}],"wp:term":[{"taxonomy":"category","embeddable":true,"href":"https:\/\/www.europesays.com\/fr\/wp-json\/wp\/v2\/categories?post=627438"},{"taxonomy":"post_tag","embeddable":true,"href":"https:\/\/www.europesays.com\/fr\/wp-json\/wp\/v2\/tags?post=627438"}],"curies":[{"name":"wp","href":"https:\/\/api.w.org\/{rel}","templated":true}]}}