{"id":627440,"date":"2025-12-29T11:18:12","date_gmt":"2025-12-29T11:18:12","guid":{"rendered":"https:\/\/www.europesays.com\/fr\/627440\/"},"modified":"2025-12-29T11:18:12","modified_gmt":"2025-12-29T11:18:12","slug":"quand-est-ce-que-les-habitants-pourront-regagner-leur-logement-a-monaco-et-beausoleil","status":"publish","type":"post","link":"https:\/\/www.europesays.com\/fr\/627440\/","title":{"rendered":"quand est-ce que les habitants pourront regagner leur logement\u00a0\u00e0 Monaco et Beausoleil\u00a0?"},"content":{"rendered":"<p class=\"fs-5 \">Depuis mercredi 24 d\u00e9cembre et le r\u00e9veillon de No\u00ebl, ce sont plus de <a href=\"https:\/\/www.nicematin.com\/faits-divers\/pourquoi-60-riverains-de-l-ex-college-charles-iii-ont-ete-evacues-de-leurs-logements-de-monaco-et-beausoleil-a-la-veille-de-noel-10662188\" target=\"_blank\" rel=\"noopener\">60 r\u00e9sidents entre Monaco et Beausoleil qui dorment \u00e0 l\u2019h\u00f4tel<\/a>.<\/p>\n<p class=\"fs-5 \">En cause, on ne le rappelle presque plus, <a href=\"https:\/\/www.nicematin.com\/faits-divers\/risque-d-effondrement-d-un-mur-de-soutenement-et-evacuation-de-60-personnes-le-recit-d-une-semaine-suspendue-au-mur-de-l-angoisse-entre-monaco-et-beausoleil-10662231\" target=\"_blank\" rel=\"noopener\">une \u00ab\u00a0acc\u00e9l\u00e9ration du ph\u00e9nom\u00e8ne de d\u00e9formation\u00a0\u00bb de la paroi de sout\u00e8nement du talus<\/a> &#8211; \u00e0 cheval entre la <strong>France<\/strong> et la <strong>Principaut\u00e9<\/strong> &#8211; qui surplombe l\u2019<strong>ancien coll\u00e8ge Charles III<\/strong> selon les conclusions du <strong>gouvernement princier.<\/strong><\/p>\n<p>        <img src=\"https:\/\/www.europesays.com\/fr\/wp-content\/uploads\/2025\/12\/ad35f9e_upload-1-a3uvkzobeoop-1000071187.jpg\"   loading=\"lazy\" decoding=\"async\" alt=\"La menace d\u2019une \u00e9vacutation planait depuis ce mardi 23\u00a0d\u00e9cembre.\" class=\"img-fluid position-absolute w-100 object-fit-cover rounded-2\" width=\"600\" height=\"400\"\/><\/p>\n<p class=\"fs-5 \">Suspendus aux communications du gouvernement princier pour les uns et de la ville de <strong>Beausoleil <\/strong>pour les autres, ces \u00e9vacu\u00e9s ont v\u00e9cu dimanche soir leur cinqui\u00e8me nuit hors de leurs bases.<\/p>\n<p class=\"fs-5 \">Quand pourront-ils regagner leurs domiciles\u00a0? Tout cela est conditionn\u00e9 par la fin des travaux de confortement qui sont entrepris depuis le vendredi 19 d\u00e9cembre.<\/p>\n<p class=\"fs-5 \">Des travaux dont les premiers r\u00e9sultats \u00ab\u00a0seront connus \u00e0 partir du 26 d\u00e9cembre prochain et, au plus tard, le 4 janvier 2026\u00a0\u00bb, comme l\u2019indiquait la <strong>S\u00fbret\u00e9 publique<\/strong> aux habitants via courrier mardi dernier.<\/p>\n<p class=\"fs-5 \">Ce dimanche apr\u00e8s-midi, aux abords de l\u2019ancien coll\u00e8ge Charles-III, si le calme r\u00e9gnait, comme lors des \u00e9vacuations, l\u2019heure \u00e9tait toujours \u00e0 l\u2019ouvrage.<\/p>\n<p class=\"fs-5 \">Les d\u00e9log\u00e9s de <strong>Monaco<\/strong> et de Beausoleil devront donc attendre encore un peu pour prendre connaissance des premi\u00e8res expertises et ainsi conna\u00eetre leur avenir imm\u00e9diat.<\/p>\n<p>                                                                                840 lyc\u00e9ens \u00e9galement concern\u00e9s<\/p>\n<p class=\"fs-5 \">Il en est de m\u00eame pour les <a href=\"https:\/\/www.nicematin.com\/faits-divers\/preparer-un-sac-contenant-des-affaires-de-rechange-pour-4-a-5-jours-des-riverains-de-l-ex-college-charles-iii-invites-a-anticiper-une-evacuation-d-urgence-face-a-un-risque-d-effondrement-a-monaco-10662051\" target=\"_blank\" rel=\"noopener\">840 \u00e9l\u00e8ves du lyc\u00e9e Albert-Ier<\/a>. Ces derniers faisaient jusque-l\u00e0 leur scolarit\u00e9 au sein de l\u2019ancien coll\u00e8ge Charles-III, avant que leur soit notifi\u00e9 qu\u2019<a href=\"https:\/\/www.nicematin.com\/societe\/education\/risque-de-mouvement-de-terrain-a-monaco-840-lyceens-devront-faire-leur-rentree-en-distanciel-en-janvier-10661700\" target=\"_blank\" rel=\"noopener\">ils reprendraient leur scolarit\u00e9 en janvier \u00e0 distance, dans l\u2019attente d\u2019une solution p\u00e9renne. <\/a><\/p>\n<p class=\"fs-5 \">Par ailleurs ce dimanche \u00e9galement, quatre agents d\u2019une soci\u00e9t\u00e9 de s\u00e9curit\u00e9 priv\u00e9e \u00e9taient charg\u00e9s de surveiller les abords et d\u2019interdire all\u00e9es et venues aux v\u00e9hicules et aux pi\u00e9tons sur une portion de l\u2019avenue de l\u2019Annonciade et sur la totalit\u00e9 de la rue R\u00e9v\u00e9rend P\u00e8re Louis-Frolla.<\/p>\n<p class=\"fs-5 \">Des axes dans un premier temps boucl\u00e9s par la S\u00fbret\u00e9 publique, mercredi dernier, pendant les \u00e9vacuations.<\/p>\n<p class=\"fs-5 \">De son c\u00f4t\u00e9, le gouvernement mon\u00e9gasque devrait proc\u00e9der \u00e0 des annonces ce lundi.<\/p>\n","protected":false},"excerpt":{"rendered":"Depuis mercredi 24 d\u00e9cembre et le r\u00e9veillon de No\u00ebl, ce sont plus de 60 r\u00e9sidents entre Monaco et&hellip;\n","protected":false},"author":2,"featured_media":627441,"comment_status":"","ping_status":"","sticky":false,"template":"","format":"standard","meta":{"footnotes":""},"categories":[2819],"tags":[1111,11,1777,674,1011,27,12,2401,882,25],"class_list":{"0":"post-627440","1":"post","2":"type-post","3":"status-publish","4":"format-standard","5":"has-post-thumbnail","7":"category-nice","8":"tag-actu","9":"tag-actualites","10":"tag-eu","11":"tag-europe","12":"tag-fr","13":"tag-france","14":"tag-news","15":"tag-nice","16":"tag-provence-alpes-cote-dazur","17":"tag-republique-francaise"},"share_on_mastodon":{"url":"https:\/\/pubeurope.com\/@fr\/115802584334403772","error":""},"_links":{"self":[{"href":"https:\/\/www.europesays.com\/fr\/wp-json\/wp\/v2\/posts\/627440","targetHints":{"allow":["GET"]}}],"collection":[{"href":"https:\/\/www.europesays.com\/fr\/wp-json\/wp\/v2\/posts"}],"about":[{"href":"https:\/\/www.europesays.com\/fr\/wp-json\/wp\/v2\/types\/post"}],"author":[{"embeddable":true,"href":"https:\/\/www.europesays.com\/fr\/wp-json\/wp\/v2\/users\/2"}],"replies":[{"embeddable":true,"href":"https:\/\/www.europesays.com\/fr\/wp-json\/wp\/v2\/comments?post=627440"}],"version-history":[{"count":0,"href":"https:\/\/www.europesays.com\/fr\/wp-json\/wp\/v2\/posts\/627440\/revisions"}],"wp:featuredmedia":[{"embeddable":true,"href":"https:\/\/www.europesays.com\/fr\/wp-json\/wp\/v2\/media\/627441"}],"wp:attachment":[{"href":"https:\/\/www.europesays.com\/fr\/wp-json\/wp\/v2\/media?parent=627440"}],"wp:term":[{"taxonomy":"category","embeddable":true,"href":"https:\/\/www.europesays.com\/fr\/wp-json\/wp\/v2\/categories?post=627440"},{"taxonomy":"post_tag","embeddable":true,"href":"https:\/\/www.europesays.com\/fr\/wp-json\/wp\/v2\/tags?post=627440"}],"curies":[{"name":"wp","href":"https:\/\/api.w.org\/{rel}","templated":true}]}}