{"id":627442,"date":"2025-12-29T11:19:15","date_gmt":"2025-12-29T11:19:15","guid":{"rendered":"https:\/\/www.europesays.com\/fr\/627442\/"},"modified":"2025-12-29T11:19:15","modified_gmt":"2025-12-29T11:19:15","slug":"nice-un-homme-seme-le-chaos-aux-urgences-de-lhopital-la-police-intervient","status":"publish","type":"post","link":"https:\/\/www.europesays.com\/fr\/627442\/","title":{"rendered":"Nice. Un homme s\u00e8me le chaos aux urgences de l&rsquo;h\u00f4pital : la police intervient"},"content":{"rendered":"<p>                    Par<br \/>\n        <strong><br \/>\n            <a href=\"https:\/\/actu.fr\/auteur\/ugo-maillard\" title=\"Consulter tous les articles de Ugo Maillard\" target=\"_blank\" rel=\"noopener\">Ugo Maillard<\/a><br \/>\n                    <\/strong><\/p>\n<p>        Publi\u00e9 le<\/p>\n<p>            29 d\u00e9c. 2025 \u00e0 10h28        <\/p>\n<p>L\u2019alerte a \u00e9t\u00e9 donn\u00e9e via un <a href=\"https:\/\/actu.fr\/provence-alpes-cote-d-azur\/nice_06088\/nice-c-est-quoi-ces-petites-boites-bleues-presentes-partout-en-ville_62177665.html\" target=\"_blank\" rel=\"noopener\">bo\u00eetier d\u2019alarme agression<\/a>. Ce dimanche 28\u00a0d\u00e9cembre 2025, un homme a cr\u00e9\u00e9 la panique dans les couloirs des urgences de l\u2019<strong>h\u00f4pital Pasteur de Nice<\/strong> (<a href=\"https:\/\/actu.fr\/provence-alpes-cote-d-azur\/alpes-maritimes_06\" target=\"_blank\" rel=\"noopener\">Alpes-Maritimes<\/a>).<\/p>\n<p class=\" wall-content\">Selon les dires du maire de <a href=\"https:\/\/actu.fr\/nice\/\" target=\"_blank\" rel=\"noopener\">Nice<\/a>, Christian Estrosi, l\u2019individu a <strong>menac\u00e9 le personnel<\/strong> soignant\u00a0des urgences et a d\u00e9grad\u00e9 du mat\u00e9riel.<\/p>\n<p>L\u2019individu interpell\u00e9<\/p>\n<p class=\" wall-content\">Le d\u00e9clenchement d\u2019un bo\u00eetier d\u2019alarme agression a permis un d\u00e9ploiement rapide des forces de police municipale sur les lieux.<\/p>\n<p class=\" wall-content\">Ces derniers ont pu <strong>interpeller<\/strong> l\u2019individu mena\u00e7ant et violent. Sollicit\u00e9, le parquet de Nice pr\u00e9cise qu\u2019une <strong>enqu\u00eate est ouverte<\/strong> du chef de \u00ab\u2009menace sur personne d\u00e9positaire de l\u2019autorit\u00e9 publique\u2009\u00bb.<\/p>\n<p class=\" wall-content\">\u00ab\u2009Face \u00e0 ceux qui ne respectent rien, la protection des soignants est une priorit\u00e9 absolue\u2009\u00bb, a conclu le maire de Nice.<\/p>\n<p class=\" wall-content\">Personnalisez votre actualit\u00e9 en ajoutant vos villes et m\u00e9dias en favori avec <a href=\"https:\/\/moncompte.actu.fr\" title=\"D\u00e9couvez Mon Actu\" rel=\"nofollow noopener\" data-trk=\"{&quot;cta&quot;:{&quot;action&quot;:&quot;https:\\\/\\\/moncompte.actu.fr&quot;,&quot;category&quot;:&quot;mon compte&quot;,&quot;from&quot;:&quot;article footer&quot;,&quot;name&quot;:&quot;Mon actu&quot;,&quot;type&quot;:&quot;cta&quot;}}\" target=\"_blank\">Mon Actu<\/a>.<\/p>\n","protected":false},"excerpt":{"rendered":"Par Ugo Maillard Publi\u00e9 le 29 d\u00e9c. 2025 \u00e0 10h28 L\u2019alerte a \u00e9t\u00e9 donn\u00e9e via un bo\u00eetier d\u2019alarme&hellip;\n","protected":false},"author":2,"featured_media":627443,"comment_status":"","ping_status":"","sticky":false,"template":"","format":"standard","meta":{"footnotes":""},"categories":[2819],"tags":[1111,11,1777,674,118,1011,27,100,12,2401,1072,882,25],"class_list":{"0":"post-627442","1":"post","2":"type-post","3":"status-publish","4":"format-standard","5":"has-post-thumbnail","7":"category-nice","8":"tag-actu","9":"tag-actualites","10":"tag-eu","11":"tag-europe","12":"tag-faits-divers","13":"tag-fr","14":"tag-france","15":"tag-hopital","16":"tag-news","17":"tag-nice","18":"tag-police","19":"tag-provence-alpes-cote-dazur","20":"tag-republique-francaise"},"share_on_mastodon":{"url":"https:\/\/pubeurope.com\/@fr\/115802588128776424","error":""},"_links":{"self":[{"href":"https:\/\/www.europesays.com\/fr\/wp-json\/wp\/v2\/posts\/627442","targetHints":{"allow":["GET"]}}],"collection":[{"href":"https:\/\/www.europesays.com\/fr\/wp-json\/wp\/v2\/posts"}],"about":[{"href":"https:\/\/www.europesays.com\/fr\/wp-json\/wp\/v2\/types\/post"}],"author":[{"embeddable":true,"href":"https:\/\/www.europesays.com\/fr\/wp-json\/wp\/v2\/users\/2"}],"replies":[{"embeddable":true,"href":"https:\/\/www.europesays.com\/fr\/wp-json\/wp\/v2\/comments?post=627442"}],"version-history":[{"count":0,"href":"https:\/\/www.europesays.com\/fr\/wp-json\/wp\/v2\/posts\/627442\/revisions"}],"wp:featuredmedia":[{"embeddable":true,"href":"https:\/\/www.europesays.com\/fr\/wp-json\/wp\/v2\/media\/627443"}],"wp:attachment":[{"href":"https:\/\/www.europesays.com\/fr\/wp-json\/wp\/v2\/media?parent=627442"}],"wp:term":[{"taxonomy":"category","embeddable":true,"href":"https:\/\/www.europesays.com\/fr\/wp-json\/wp\/v2\/categories?post=627442"},{"taxonomy":"post_tag","embeddable":true,"href":"https:\/\/www.europesays.com\/fr\/wp-json\/wp\/v2\/tags?post=627442"}],"curies":[{"name":"wp","href":"https:\/\/api.w.org\/{rel}","templated":true}]}}