{"id":627446,"date":"2025-12-29T11:21:17","date_gmt":"2025-12-29T11:21:17","guid":{"rendered":"https:\/\/www.europesays.com\/fr\/627446\/"},"modified":"2025-12-29T11:21:17","modified_gmt":"2025-12-29T11:21:17","slug":"lelement-central-du-futur-pont-anne-de-bretagne-a-nantes-toujours-coince-a-cadix","status":"publish","type":"post","link":"https:\/\/www.europesays.com\/fr\/627446\/","title":{"rendered":"L&rsquo;\u00e9l\u00e9ment central du futur pont Anne de Bretagne \u00e0 Nantes toujours coinc\u00e9 \u00e0 Cadix"},"content":{"rendered":"<p class=\"article__intro\">On l&rsquo;attend depuis des semaines, mais le tablier du pont joue l\u2019Arl\u00e9sienne. Les conditions m\u00e9t\u00e9o ne sont pas r\u00e9unies pour que la barge le transportant prenne la mer. Elle reste pour l&rsquo;heure \u00e0 quai, dans le port de Cadix.<\/p>\n<p>\n      L\u2019actu des r\u00e9gions\n    <\/p>\n<p>\n      Chaque jour, un tour d\u2019horizon des principales infos de toutes les r\u00e9gions.\n    <\/p>\n<p>    France T\u00e9l\u00e9visions utilise votre adresse e-mail afin de vous envoyer la newsletter \u00ab\u00a0L\u2019actu des r\u00e9gions\u00a0\u00bb. Vous pouvez vous d\u00e9sinscrire \u00e0 tout moment via le lien en bas de cette newsletter. <a target=\"_blank\" href=\"https:\/\/www.francetelevisions.fr\/groupe\/confidentialite\/politique-de-confidentialite\/politique-de-confidentialite-de-france-televisions-6503\" rel=\"noopener\">Notre politique de confidentialit\u00e9<\/a><\/p>\n<p>Elle a quitt\u00e9 l&rsquo;Italie le 26 octobre dernier et apr\u00e8s environ quatre semaines de navigation maritime puis fluviale devait arriver \u00e0 Nantes. Las, les conditions de mer restent d\u00e9favorables \u00e0 l&rsquo;acheminement de la barge transportant le tablier du Pont Anne de Bretagne.<\/p>\n<p>Il faut dire que le colis transport\u00e9 est atypique et volumineux puisqu&rsquo;il s&rsquo;agit d&rsquo;une charpente m\u00e9tallique de 42 m\u00e8tres de large, 150 m\u00e8tres de long et surtout 25 m\u00e8tres de haut. Pas questions d&rsquo;essuyer du gros temps et des vagues qui risqueraient de d\u00e9stabiliser la structure en remontant le long du Golfe de Gascogne.<\/p>\n<p>La barge est donc toujours amarr\u00e9e au port de Cadix, <a href=\"https:\/\/www.vesselfinder.com\/?imo=9492880\" target=\"_blank\" rel=\"noopener noreferrer nofollow\" data-tooltip-url=\"https:\/\/www.vesselfinder.com\/?imo=9492880\">comme le montre le site Vessel Finder.<\/a><\/p>\n<p><a data-article-figure=\"\" href=\"https:\/\/france3-regions.franceinfo.fr\/image\/LjRE-Wj1StIeXhekRAwYIqGWBtQ\/949x737\/regions\/2025\/12\/29\/2025-12-29-09-45-21-multratug-18-current-position-tug-imo-9492880-vesselfinder-6952414940dfd522126139.png\" data-pswp-width=\"949\" data-pswp-height=\"737\" target=\"_blank\" rel=\"noopener\"><\/p>\n<p>          <img width=\"600\" height=\"400\" class=\"article-image lazy\" data-src=\"https:\/\/www.europesays.com\/fr\/wp-content\/uploads\/2025\/12\/2025-12-29-09-45-21-multratug-18-current-position-tug-imo-9492880-vesselfinder-6952414940dfd52212613.webp\" alt=\"La barge transportant le tablier du futur pont est toujours \u00e0 quai\" fetchpriority=\"high\" as=\"image\"\/><\/p>\n<p>\n            La barge transportant le tablier du futur pont est toujours \u00e0 quai<br \/>\n                           \u2022<br \/>\n                                      \u00a9 Vessel Finder\n                      <\/p>\n<p><\/a><\/p>\n<p>R\u00e9alis\u00e9e en Italie par le chantier Cimolai, la charpente p\u00e8se 3100 Tonnes, \u00ab\u00a0soit pr\u00e8s de huit fois le poids de la grue jaune de Nantes\u00a0\u00bb indiquait au mois d&rsquo;octobre un communiqu\u00e9 de presse de Nantes M\u00e9tropole. <\/p>\n<p>Pour pouvoir maintenir la structure et la transporter d&rsquo;un seul tenant, elle est maintenue sur la barge avec des haubans. Ils seront progressivement d\u00e9mont\u00e9s pendant les deux mois de la r\u00e9alisation de la dalle b\u00e9ton.<\/p>\n<p>Apr\u00e8s avoir long\u00e9 la c\u00f4te Atlantique, le tablier devrait arriver sur Saint-Nazaire puis remonter la Loire pour arriver jusqu&rsquo;\u00e0 Nantes.<\/p>\n<p>La remont\u00e9e de Loire devrait \u00eatre l&rsquo;une des attractions du premier semestre 2026. D\u00e8s que la pose du tablier sera connue, elle sera communiqu\u00e9e au public quelques jours avant l&rsquo;op\u00e9ration.<\/p>\n<p>Quant au calendrier global de ces travaux\u00a0XXL, il ne devrait pas \u00eatre affect\u00e9 par ce retard. La mise en service du nouvel \u00e9quipement doit avoir lieu en septembre\u00a02026 et la circulation des nouvelles lignes de tramway fin 2027.<\/p>\n<p><strong>Retrouvez-nous\u00a0sur nos r\u00e9seaux sociaux et sur\u00a0<\/strong><a href=\"https:\/\/www.france.tv\/france-3\/pays-de-la-loire\/\" target=\"_blank\" rel=\"noopener\" data-tooltip-url=\"https:\/\/www.france.tv\/france-3\/pays-de-la-loire\/\"><strong>france.tv<\/strong><\/a><\/p>\n","protected":false},"excerpt":{"rendered":"On l&rsquo;attend depuis des semaines, mais le tablier du pont joue l\u2019Arl\u00e9sienne. Les conditions m\u00e9t\u00e9o ne sont pas&hellip;\n","protected":false},"author":2,"featured_media":627447,"comment_status":"","ping_status":"","sticky":false,"template":"","format":"standard","meta":{"footnotes":""},"categories":[2818],"tags":[1111,11,1777,674,1011,27,766,12,2636,25],"class_list":{"0":"post-627446","1":"post","2":"type-post","3":"status-publish","4":"format-standard","5":"has-post-thumbnail","7":"category-nantes","8":"tag-actu","9":"tag-actualites","10":"tag-eu","11":"tag-europe","12":"tag-fr","13":"tag-france","14":"tag-nantes","15":"tag-news","16":"tag-pays-de-la-loire","17":"tag-republique-francaise"},"share_on_mastodon":{"url":"https:\/\/pubeurope.com\/@fr\/115802595933280851","error":""},"_links":{"self":[{"href":"https:\/\/www.europesays.com\/fr\/wp-json\/wp\/v2\/posts\/627446","targetHints":{"allow":["GET"]}}],"collection":[{"href":"https:\/\/www.europesays.com\/fr\/wp-json\/wp\/v2\/posts"}],"about":[{"href":"https:\/\/www.europesays.com\/fr\/wp-json\/wp\/v2\/types\/post"}],"author":[{"embeddable":true,"href":"https:\/\/www.europesays.com\/fr\/wp-json\/wp\/v2\/users\/2"}],"replies":[{"embeddable":true,"href":"https:\/\/www.europesays.com\/fr\/wp-json\/wp\/v2\/comments?post=627446"}],"version-history":[{"count":0,"href":"https:\/\/www.europesays.com\/fr\/wp-json\/wp\/v2\/posts\/627446\/revisions"}],"wp:featuredmedia":[{"embeddable":true,"href":"https:\/\/www.europesays.com\/fr\/wp-json\/wp\/v2\/media\/627447"}],"wp:attachment":[{"href":"https:\/\/www.europesays.com\/fr\/wp-json\/wp\/v2\/media?parent=627446"}],"wp:term":[{"taxonomy":"category","embeddable":true,"href":"https:\/\/www.europesays.com\/fr\/wp-json\/wp\/v2\/categories?post=627446"},{"taxonomy":"post_tag","embeddable":true,"href":"https:\/\/www.europesays.com\/fr\/wp-json\/wp\/v2\/tags?post=627446"}],"curies":[{"name":"wp","href":"https:\/\/api.w.org\/{rel}","templated":true}]}}