{"id":627455,"date":"2025-12-29T11:26:09","date_gmt":"2025-12-29T11:26:09","guid":{"rendered":"https:\/\/www.europesays.com\/fr\/627455\/"},"modified":"2025-12-29T11:26:09","modified_gmt":"2025-12-29T11:26:09","slug":"bectons-le-nouveau-spot-pour-manger-bien-et-vite-dans-le-vieux-lille","status":"publish","type":"post","link":"https:\/\/www.europesays.com\/fr\/627455\/","title":{"rendered":"Bectons!, le nouveau spot pour manger bien et vite dans le Vieux-Lille"},"content":{"rendered":"<p>\ud83e\udd6a Bectons!, le nouveau spot pour manger bien et vite dans le Vieux-Lille \ud83e\udd6a<\/p>\n<p>Quand le bar \u00e0 vins ne suffit plus, les Fr\u00e8res Pinard passent \u00e0 la vitesse sup\u00e9rieure. Avec\u00a0<a class=\"x1i10hfl xjbqb8w x1ejq31n x18oe1m7 x1sy0etr xstzfhl x972fbf x10w94by x1qhh985 x14e42zd x9f619 x1ypdohk xt0psk2 x3ct3a4 xdj266r x14z9mp xat24cr x1lziwak xexx8yu xyri2b x18d9i69 x1c1uobl x16tdsg8 x1hl2dhg xggy1nq x1a2a7pz notranslate _a6hd\" href=\"https:\/\/www.instagram.com\/bectonslille\/\" role=\"link\" tabindex=\"0\" style=\"color: rgb(65, 80, 247); cursor: pointer; text-decoration-line: none; outline: none; border-inline-width: 0px; margin-inline: 0px; border-inline-style: none; padding-inline: 0px; -webkit-tap-highlight-color: transparent; list-style-type: none; touch-action: manipulation; display: inline; padding-bottom: 0px; border-top-style: none; border-bottom-width: 0px; border-bottom-style: none; border-top-width: 0px; margin-bottom: 0px; margin-top: 0px; padding-top: 0px; font-family: -apple-system, BlinkMacSystemFont, &quot;Segoe UI&quot;, Roboto, Helvetica, Arial, sans-serif; font-size: 14px;\" target=\"_blank\" rel=\"noopener\">@bectonslille<\/a>, Germain et Geoffroy ouvrent une nouvelle adresse pens\u00e9e pour le quotidien : manger sur le pouce le midi et partager plein de petites assiettes le soir. Ici, on pioche dans un large catalogue de produits fran\u00e7ais : jusqu\u2019\u00e0 25 fromages et 25 charcuteries, des recettes qui \u00e9voluent selon les saisons et les id\u00e9es du cuistot, et la possibilit\u00e9 de composer soi-m\u00eame\u2026 ou de se laisser tenter par quelques signatures maison. Pour nous, c&rsquo;est valid\u00e9, on attend votre avis en commentaire.<\/p>\n<p>\ud83d\udccd 13 rue des Vieux Murs, Lille<br style=\"color: rgb(12, 16, 20); font-family: -apple-system, BlinkMacSystemFont, &quot;Segoe UI&quot;, Roboto, Helvetica, Arial, sans-serif; font-size: 14px;\"\/>\ud83d\udd50 ouvert du mardi au vendredi de 12h \u00e0 15h et de 18h \u00e0 22h, le samedi de 12h \u00e0 22h en continu et le dimanche de 12h \u00e0 15h<\/p>\n<p><a class=\"x1i10hfl xjbqb8w x1ejq31n x18oe1m7 x1sy0etr xstzfhl x972fbf x10w94by x1qhh985 x14e42zd x9f619 x1ypdohk xt0psk2 x3ct3a4 xdj266r x14z9mp xat24cr x1lziwak xexx8yu xyri2b x18d9i69 x1c1uobl x16tdsg8 x1hl2dhg xggy1nq x1a2a7pz  _aa9_ _a6hd\" href=\"https:\/\/www.instagram.com\/explore\/tags\/vozer\/\" role=\"link\" tabindex=\"0\" style=\"color: rgb(65, 80, 247); cursor: pointer; text-decoration-line: none; outline: none; border-inline-width: 0px; margin-inline: 0px; border-inline-style: none; padding-inline: 0px; -webkit-tap-highlight-color: transparent; list-style-type: none; touch-action: manipulation; display: inline; padding-bottom: 0px; border-top-style: none; border-bottom-width: 0px; border-bottom-style: none; border-top-width: 0px; margin-bottom: 0px; margin-top: 0px; padding-top: 0px; overflow-wrap: break-word; font-family: -apple-system, BlinkMacSystemFont, &quot;Segoe UI&quot;, Roboto, Helvetica, Arial, sans-serif; font-size: 14px;\" target=\"_blank\" rel=\"noopener\">#vozer<\/a>\u00a0<a class=\"x1i10hfl xjbqb8w x1ejq31n x18oe1m7 x1sy0etr xstzfhl x972fbf x10w94by x1qhh985 x14e42zd x9f619 x1ypdohk xt0psk2 x3ct3a4 xdj266r x14z9mp xat24cr x1lziwak xexx8yu xyri2b x18d9i69 x1c1uobl x16tdsg8 x1hl2dhg xggy1nq x1a2a7pz  _aa9_ _a6hd\" href=\"https:\/\/www.instagram.com\/explore\/tags\/lille\/\" role=\"link\" tabindex=\"0\" style=\"color: rgb(65, 80, 247); cursor: pointer; text-decoration-line: none; outline: none; border-inline-width: 0px; margin-inline: 0px; border-inline-style: none; padding-inline: 0px; -webkit-tap-highlight-color: transparent; list-style-type: none; touch-action: manipulation; display: inline; padding-bottom: 0px; border-top-style: none; border-bottom-width: 0px; border-bottom-style: none; border-top-width: 0px; margin-bottom: 0px; margin-top: 0px; padding-top: 0px; overflow-wrap: break-word; font-family: -apple-system, BlinkMacSystemFont, &quot;Segoe UI&quot;, Roboto, Helvetica, Arial, sans-serif; font-size: 14px;\" target=\"_blank\" rel=\"noopener\">#lille<\/a>\u00a0<a class=\"x1i10hfl xjbqb8w x1ejq31n x18oe1m7 x1sy0etr xstzfhl x972fbf x10w94by x1qhh985 x14e42zd x9f619 x1ypdohk xt0psk2 x3ct3a4 xdj266r x14z9mp xat24cr x1lziwak xexx8yu xyri2b x18d9i69 x1c1uobl x16tdsg8 x1hl2dhg xggy1nq x1a2a7pz  _aa9_ _a6hd\" href=\"https:\/\/www.instagram.com\/explore\/tags\/vieuxlille\/\" role=\"link\" tabindex=\"0\" style=\"color: rgb(65, 80, 247); cursor: pointer; text-decoration-line: none; outline: none; border-inline-width: 0px; margin-inline: 0px; border-inline-style: none; padding-inline: 0px; -webkit-tap-highlight-color: transparent; list-style-type: none; touch-action: manipulation; display: inline; padding-bottom: 0px; border-top-style: none; border-bottom-width: 0px; border-bottom-style: none; border-top-width: 0px; margin-bottom: 0px; margin-top: 0px; padding-top: 0px; overflow-wrap: break-word; font-family: -apple-system, BlinkMacSystemFont, &quot;Segoe UI&quot;, Roboto, Helvetica, Arial, sans-serif; font-size: 14px;\" target=\"_blank\" rel=\"noopener\">#vieuxlille<\/a>\u00a0<a class=\"x1i10hfl xjbqb8w x1ejq31n x18oe1m7 x1sy0etr xstzfhl x972fbf x10w94by x1qhh985 x14e42zd x9f619 x1ypdohk xt0psk2 x3ct3a4 xdj266r x14z9mp xat24cr x1lziwak xexx8yu xyri2b x18d9i69 x1c1uobl x16tdsg8 x1hl2dhg xggy1nq x1a2a7pz  _aa9_ _a6hd\" href=\"https:\/\/www.instagram.com\/explore\/tags\/foodlille\/\" role=\"link\" tabindex=\"0\" style=\"color: rgb(65, 80, 247); cursor: pointer; text-decoration-line: none; outline: none; border-inline-width: 0px; margin-inline: 0px; border-inline-style: none; padding-inline: 0px; -webkit-tap-highlight-color: transparent; list-style-type: none; touch-action: manipulation; display: inline; padding-bottom: 0px; border-top-style: none; border-bottom-width: 0px; border-bottom-style: none; border-top-width: 0px; margin-bottom: 0px; margin-top: 0px; padding-top: 0px; overflow-wrap: break-word; font-family: -apple-system, BlinkMacSystemFont, &quot;Segoe UI&quot;, Roboto, Helvetica, Arial, sans-serif; font-size: 14px;\" target=\"_blank\" rel=\"noopener\">#foodlille<\/a>\u00a0<a class=\"x1i10hfl xjbqb8w x1ejq31n x18oe1m7 x1sy0etr xstzfhl x972fbf x10w94by x1qhh985 x14e42zd x9f619 x1ypdohk xt0psk2 x3ct3a4 xdj266r x14z9mp xat24cr x1lziwak xexx8yu xyri2b x18d9i69 x1c1uobl x16tdsg8 x1hl2dhg xggy1nq x1a2a7pz  _aa9_ _a6hd\" href=\"https:\/\/www.instagram.com\/explore\/tags\/snacking\/\" role=\"link\" tabindex=\"0\" style=\"color: rgb(65, 80, 247); cursor: pointer; text-decoration-line: none; outline: none; border-inline-width: 0px; margin-inline: 0px; border-inline-style: none; padding-inline: 0px; -webkit-tap-highlight-color: transparent; list-style-type: none; touch-action: manipulation; display: inline; padding-bottom: 0px; border-top-style: none; border-bottom-width: 0px; border-bottom-style: none; border-top-width: 0px; margin-bottom: 0px; margin-top: 0px; padding-top: 0px; overflow-wrap: break-word; font-family: -apple-system, BlinkMacSystemFont, &quot;Segoe UI&quot;, Roboto, Helvetica, Arial, sans-serif; font-size: 14px;\" target=\"_blank\" rel=\"noopener\">#snacking<\/a>\u00a0<a class=\"x1i10hfl xjbqb8w x1ejq31n x18oe1m7 x1sy0etr xstzfhl x972fbf x10w94by x1qhh985 x14e42zd x9f619 x1ypdohk xt0psk2 x3ct3a4 xdj266r x14z9mp xat24cr x1lziwak xexx8yu xyri2b x18d9i69 x1c1uobl x16tdsg8 x1hl2dhg xggy1nq x1a2a7pz  _aa9_ _a6hd\" href=\"https:\/\/www.instagram.com\/explore\/tags\/lillemaville\/\" role=\"link\" tabindex=\"0\" style=\"color: rgb(65, 80, 247); cursor: pointer; text-decoration-line: none; outline: none; border-inline-width: 0px; margin-inline: 0px; border-inline-style: none; padding-inline: 0px; -webkit-tap-highlight-color: transparent; list-style-type: none; touch-action: manipulation; display: inline; padding-bottom: 0px; border-top-style: none; border-bottom-width: 0px; border-bottom-style: none; border-top-width: 0px; margin-bottom: 0px; margin-top: 0px; padding-top: 0px; overflow-wrap: break-word; font-family: -apple-system, BlinkMacSystemFont, &quot;Segoe UI&quot;, Roboto, Helvetica, Arial, sans-serif; font-size: 14px;\" target=\"_blank\" rel=\"noopener\">#lillemaville<\/a><\/p>\n<p>\n            <strong>Lola Pierkot<\/strong>,\u00a0<br \/>\n          29 d\u00e9c. 2025\n        <\/p>\n<p><script async src=\"\/\/www.instagram.com\/embed.js\"><\/script><\/p>\n","protected":false},"excerpt":{"rendered":"\ud83e\udd6a Bectons!, le nouveau spot pour manger bien et vite dans le Vieux-Lille \ud83e\udd6a Quand le bar \u00e0&hellip;\n","protected":false},"author":2,"featured_media":10156,"comment_status":"","ping_status":"","sticky":false,"template":"","format":"standard","meta":{"footnotes":""},"categories":[2815],"tags":[1111,11,1777,674,1011,27,811,1307,12,25],"class_list":{"0":"post-627455","1":"post","2":"type-post","3":"status-publish","4":"format-standard","5":"has-post-thumbnail","7":"category-lille","8":"tag-actu","9":"tag-actualites","10":"tag-eu","11":"tag-europe","12":"tag-fr","13":"tag-france","14":"tag-hauts-de-france","15":"tag-lille","16":"tag-news","17":"tag-republique-francaise"},"share_on_mastodon":{"url":"https:\/\/pubeurope.com\/@fr\/115802615567864291","error":""},"_links":{"self":[{"href":"https:\/\/www.europesays.com\/fr\/wp-json\/wp\/v2\/posts\/627455","targetHints":{"allow":["GET"]}}],"collection":[{"href":"https:\/\/www.europesays.com\/fr\/wp-json\/wp\/v2\/posts"}],"about":[{"href":"https:\/\/www.europesays.com\/fr\/wp-json\/wp\/v2\/types\/post"}],"author":[{"embeddable":true,"href":"https:\/\/www.europesays.com\/fr\/wp-json\/wp\/v2\/users\/2"}],"replies":[{"embeddable":true,"href":"https:\/\/www.europesays.com\/fr\/wp-json\/wp\/v2\/comments?post=627455"}],"version-history":[{"count":0,"href":"https:\/\/www.europesays.com\/fr\/wp-json\/wp\/v2\/posts\/627455\/revisions"}],"wp:featuredmedia":[{"embeddable":true,"href":"https:\/\/www.europesays.com\/fr\/wp-json\/wp\/v2\/media\/10156"}],"wp:attachment":[{"href":"https:\/\/www.europesays.com\/fr\/wp-json\/wp\/v2\/media?parent=627455"}],"wp:term":[{"taxonomy":"category","embeddable":true,"href":"https:\/\/www.europesays.com\/fr\/wp-json\/wp\/v2\/categories?post=627455"},{"taxonomy":"post_tag","embeddable":true,"href":"https:\/\/www.europesays.com\/fr\/wp-json\/wp\/v2\/tags?post=627455"}],"curies":[{"name":"wp","href":"https:\/\/api.w.org\/{rel}","templated":true}]}}