{"id":627456,"date":"2025-12-29T11:27:10","date_gmt":"2025-12-29T11:27:10","guid":{"rendered":"https:\/\/www.europesays.com\/fr\/627456\/"},"modified":"2025-12-29T11:27:10","modified_gmt":"2025-12-29T11:27:10","slug":"emploi-animateurs-guides-agents-daccueil-la-metropole-de-lille-recrute-sur-une-centaine-de-postes","status":"publish","type":"post","link":"https:\/\/www.europesays.com\/fr\/627456\/","title":{"rendered":"Emploi. Animateurs, guides, agents d&rsquo;accueil&#8230; La M\u00e9tropole de Lille recrute sur une centaine de postes"},"content":{"rendered":"<p>                    Par<br \/>\n        <strong><br \/>\n            <a href=\"https:\/\/actu.fr\/auteur\/margot-nicodeme\" title=\"Consulter tous les articles de Margot Nicod\u00e8me\" target=\"_blank\" rel=\"noopener\">Margot Nicod\u00e8me<\/a><br \/>\n                    <\/strong><\/p>\n<p>        Publi\u00e9 le<\/p>\n<p>            29 d\u00e9c. 2025 \u00e0 10h59        <\/p>\n<p>Voil\u00e0 de quoi commencer l\u2019ann\u00e9e 2026 sur les chapeaux de roues : en<b> <a href=\"https:\/\/actu.fr\/hauts-de-france\/lille_59350\/emploi-nouveau-mois-nouvelles-embauches-a-la-mairie-de-lille-15-postes-a-pouvoir-en-decembre_63517734.html\" target=\"_blank\" rel=\"noopener\">d\u00e9crochant du travail<\/a><\/b> ! La <a href=\"https:\/\/actu.fr\/tag\/metropole-europeenne-de-lille\" target=\"_blank\" rel=\"noopener\">M\u00e9tropole europ\u00e9enne de Lille<\/a> (Nord) recrute massivement, <b>au sein de ses espaces naturels<\/b>. Ce n\u2019est pas moins d\u2019<b>une centaine de postes <\/b>qui sont propos\u00e9s. Il s\u2019agit <b>d\u2019emplois saisonniers<\/b>, sur la p\u00e9riode comprise <b>entre mars et octobre 2026<\/b>, et dont les contrats durent de 2 \u00e0 8 mois.\u00a0<\/p>\n<p>La M\u00e9tropole de Lille recrute sur une centaine de postes saisonniers du printemps \u00e0 l\u2019automne 2026<\/p>\n<p class=\" wall-content\">Animateurs, guides nature, agents d\u2019accueil, agents d\u2019entretien, pilotes de bateau ou de petit train, concierge, maitres-nageurs ou encore surveillants de baignade\u2026 La diversit\u00e9 de l\u2019offre est au rendez-vous. M\u00eame pluralit\u00e9 du c\u00f4t\u00e9 des lieux de travail, la MEL comptant de nombreux espaces naturels.\u00a0<\/p>\n<p class=\" wall-content\">Les recrues effectueront ainsi leur mission au <a href=\"https:\/\/actu.fr\/hauts-de-france\/villeneuve-d-ascq_59009\/la-grande-fete-des-sorcieres-bat-son-plein-a-villeneuve-dascq-decouvrez-nos-images_63287251.html\" target=\"_blank\" rel=\"noopener\">mus\u00e9e de Plein air<\/a> de Villeneuve-d\u2019Ascq, au <a href=\"https:\/\/actu.fr\/hauts-de-france\/armentieres_59017\/metropole-de-lille-le-parc-des-pres-du-hem-rouvre-sa-zone-de-baignade-avec-une-jauge-limitee_62965020.html\" target=\"_blank\" rel=\"noopener\">parc des Pr\u00e9s du Hem<\/a>, au Relais nature du canal de Roubaix, au jardin des cultures Mosa\u00efc \u00e0 Houplin-Ancoisne\u2026 entre autres. Toutes les offres sont \u00e0 retrouver <a href=\"https:\/\/lillemetropole.fr\/recrutement#page-search---index\" target=\"_blank\" rel=\"noopener\">sur le site de la MEL<\/a>, avec le d\u00e9tail des t\u00e2ches \u00e0 ex\u00e9cuter pour chacune d\u2019entre elles.<\/p>\n<p class=\" wall-content\">Il ne manquera plus qu\u2019\u00e0 inclure son CV et sa lettre de motivation, directement via le site. Attention, <b>les candidatures sont accept\u00e9es jusqu\u2019au 31 janvier.<\/b><\/p>\n<p>Plus d\u2019informations <a href=\"https:\/\/enm.lillemetropole.fr\/actualites\/une-centaine-de-postes-sont-pourvoir-dans-les-espaces-naturels-de-la-mel?fbclid=IwY2xjawO_JTNleHRuA2FlbQIxMQBicmlkETFZMEtyVXFtamhOdGxqU3NMc3J0YwZhcHBfaWQQMjIyMDM5MTc4ODIwMDg5MgABHrpSm0G27F8y6tGDR-lvOEQkJehLmu59U4K0srntiims482eSRtK8oF2b5Ss_aem_zpTb-avYYqC6W-_SkrFO8A\" target=\"_blank\" rel=\"noopener\">ICI<\/a>.<\/p>\n<p class=\" wall-content\">Personnalisez votre actualit\u00e9 en ajoutant vos villes et m\u00e9dias en favori avec <a href=\"https:\/\/moncompte.actu.fr\" title=\"D\u00e9couvez Mon Actu\" rel=\"nofollow noopener\" data-trk=\"{&quot;cta&quot;:{&quot;action&quot;:&quot;https:\\\/\\\/moncompte.actu.fr&quot;,&quot;category&quot;:&quot;mon compte&quot;,&quot;from&quot;:&quot;article footer&quot;,&quot;name&quot;:&quot;Mon actu&quot;,&quot;type&quot;:&quot;cta&quot;}}\" target=\"_blank\">Mon Actu<\/a>.<\/p>\n","protected":false},"excerpt":{"rendered":"Par Margot Nicod\u00e8me Publi\u00e9 le 29 d\u00e9c. 2025 \u00e0 10h59 Voil\u00e0 de quoi commencer l\u2019ann\u00e9e 2026 sur les&hellip;\n","protected":false},"author":2,"featured_media":627457,"comment_status":"","ping_status":"","sticky":false,"template":"","format":"standard","meta":{"footnotes":""},"categories":[2815],"tags":[1111,11,341,1777,674,1011,27,811,1307,4863,12,25,104],"class_list":{"0":"post-627456","1":"post","2":"type-post","3":"status-publish","4":"format-standard","5":"has-post-thumbnail","7":"category-lille","8":"tag-actu","9":"tag-actualites","10":"tag-emploi","11":"tag-eu","12":"tag-europe","13":"tag-fr","14":"tag-france","15":"tag-hauts-de-france","16":"tag-lille","17":"tag-metropole-europeenne-de-lille","18":"tag-news","19":"tag-republique-francaise","20":"tag-societe"},"share_on_mastodon":{"url":"https:\/\/pubeurope.com\/@fr\/115802619501890479","error":""},"_links":{"self":[{"href":"https:\/\/www.europesays.com\/fr\/wp-json\/wp\/v2\/posts\/627456","targetHints":{"allow":["GET"]}}],"collection":[{"href":"https:\/\/www.europesays.com\/fr\/wp-json\/wp\/v2\/posts"}],"about":[{"href":"https:\/\/www.europesays.com\/fr\/wp-json\/wp\/v2\/types\/post"}],"author":[{"embeddable":true,"href":"https:\/\/www.europesays.com\/fr\/wp-json\/wp\/v2\/users\/2"}],"replies":[{"embeddable":true,"href":"https:\/\/www.europesays.com\/fr\/wp-json\/wp\/v2\/comments?post=627456"}],"version-history":[{"count":0,"href":"https:\/\/www.europesays.com\/fr\/wp-json\/wp\/v2\/posts\/627456\/revisions"}],"wp:featuredmedia":[{"embeddable":true,"href":"https:\/\/www.europesays.com\/fr\/wp-json\/wp\/v2\/media\/627457"}],"wp:attachment":[{"href":"https:\/\/www.europesays.com\/fr\/wp-json\/wp\/v2\/media?parent=627456"}],"wp:term":[{"taxonomy":"category","embeddable":true,"href":"https:\/\/www.europesays.com\/fr\/wp-json\/wp\/v2\/categories?post=627456"},{"taxonomy":"post_tag","embeddable":true,"href":"https:\/\/www.europesays.com\/fr\/wp-json\/wp\/v2\/tags?post=627456"}],"curies":[{"name":"wp","href":"https:\/\/api.w.org\/{rel}","templated":true}]}}