{"id":627458,"date":"2025-12-29T11:28:09","date_gmt":"2025-12-29T11:28:09","guid":{"rendered":"https:\/\/www.europesays.com\/fr\/627458\/"},"modified":"2025-12-29T11:28:09","modified_gmt":"2025-12-29T11:28:09","slug":"scene-dhorreur-a-marseille-un-cadavre-decouvert-flottant-dans-ce-port-ce-que-lon-sait","status":"publish","type":"post","link":"https:\/\/www.europesays.com\/fr\/627458\/","title":{"rendered":"Sc\u00e8ne d&rsquo;horreur \u00e0 Marseille. Un cadavre d\u00e9couvert flottant dans ce port : ce que l&rsquo;on sait"},"content":{"rendered":"<p>                    Par<br \/>\n        <strong><br \/>\n            <a href=\"https:\/\/actu.fr\/auteur\/fabien-binacchi\" title=\"Consulter tous les articles de Fabien Binacchi\" target=\"_blank\" rel=\"noopener\">Fabien Binacchi<\/a><br \/>\n                    <\/strong><\/p>\n<p>        Publi\u00e9 le<\/p>\n<p>            29 d\u00e9c. 2025 \u00e0 11h03        <\/p>\n<p>Macabre d\u00e9couverte<strong>.<\/strong> En tout d\u00e9but d\u2019apr\u00e8s-midi, ce dimanche 28\u00a0d\u00e9cembre 2025, un cadavre humain a \u00e9t\u00e9 rep\u00each\u00e9 alors qu\u2019il flottait <strong>dans le port du Frioul,<\/strong> au large de <a href=\"https:\/\/actu.fr\/marseille\/\" target=\"_blank\" rel=\"noopener\">Marseille,<\/a> ont indiqu\u00e9 <a href=\"https:\/\/actu.fr\/tag\/marin-pompier\" target=\"_blank\" rel=\"noopener\">les marins-pompiers,<\/a> confirmant une information de <a href=\"https:\/\/www.laprovence.com\/article\/faits-divers-justice\/1775536443719215\/le-corps-dun-homme-retrouve-flottant-dans-le-port-du-frioul-a-marseille\" target=\"_blank\" rel=\"noopener\">La Provence.<\/a><\/p>\n<p>Un homme d\u2019une quarantaine d\u2019ann\u00e9es<\/p>\n<p class=\" wall-content\">Il \u00e9tait environ 14h45, dimanche, quand les secours sont intervenus apr\u00e8s un signalement. Un corps vient d\u2019\u00eatre aper\u00e7u d\u00e9rivant entre les bateaux du <strong>port de plaisance de l\u2019archipel du Frioul<\/strong> (7e arrondissement), situ\u00e9 \u00e0 une vingtaine de minutes de la cit\u00e9 phoc\u00e9enne.<\/p>\n<p>    <a href=\"https:\/\/www.google.com\/maps\/embed?pb=!1m18!1m12!1m3!1d1668.750169899803!2d5.306878178166935!3d43.27956072023696!2m3!1f0!2f0!3f0!3m2!1i1024!2i768!4f13.1!3m3!1m2!1s0x12c9c4016748ee89%3A0x85f5cb51241737c5!2sPort%20du%20Frioul!5e1!3m2!1sfr!2sfr!4v1767001035547!5m2!1sfr!2sfr\" title=\"Ouvrie le lien\" target=\"_blank\" rel=\"noopener\">Cliquez ici pour visualiser le contenu<\/a><\/p>\n<p class=\" wall-content\">Malheureusement, \u00e0 leur arriv\u00e9e sur les lieux, les marins-pompiers ne peuvent rien faire. <strong>Aucun espoir de r\u00e9animation\u2009: la victime est d\u00e9j\u00e0 d\u00e9c\u00e9d\u00e9e.<\/strong> \u00ab\u2009Il s\u2019agit d\u2019un homme d\u2019une quarantaine d\u2019ann\u00e9es dont nous n\u2019avons pas l\u2019identit\u00e9\u2009\u00bb, pr\u00e9cisent-ils \u00e0 actu Marseille.<\/p>\n<p>Le corps rapatri\u00e9<\/p>\n<p class=\" wall-content\">La <strong>police scientifique<\/strong> est intervenue sur place pour effectuer les premi\u00e8res constatations avant que le corps soit rapatri\u00e9 sur le continent. Pourrait-il s\u2019agir d\u2019un visiteur, d\u2019un r\u00e9sident de l\u2019\u00eele ou encore d\u2019un propri\u00e9taire de bateau\u2009? Et \u00e0 quoi est due sa mort\u2009?<\/p>\n<p class=\" wall-content\">Autant de questions auxquelles <strong>une enqu\u00eate<\/strong> devrait permettre de r\u00e9pondre. Sollicit\u00e9 par notre r\u00e9daction, le parquet de Marseille n\u2019a pas r\u00e9pondu dans l\u2019imm\u00e9diat.<\/p>\n<p class=\" wall-content\">Personnalisez votre actualit\u00e9 en ajoutant vos villes et m\u00e9dias en favori avec <a href=\"https:\/\/moncompte.actu.fr\" title=\"D\u00e9couvez Mon Actu\" rel=\"nofollow noopener\" data-trk=\"{&quot;cta&quot;:{&quot;action&quot;:&quot;https:\\\/\\\/moncompte.actu.fr&quot;,&quot;category&quot;:&quot;mon compte&quot;,&quot;from&quot;:&quot;article footer&quot;,&quot;name&quot;:&quot;Mon actu&quot;,&quot;type&quot;:&quot;cta&quot;}}\" target=\"_blank\">Mon Actu<\/a>.<\/p>\n","protected":false},"excerpt":{"rendered":"Par Fabien Binacchi Publi\u00e9 le 29 d\u00e9c. 2025 \u00e0 11h03 Macabre d\u00e9couverte. En tout d\u00e9but d\u2019apr\u00e8s-midi, ce dimanche&hellip;\n","protected":false},"author":2,"featured_media":627459,"comment_status":"","ping_status":"","sticky":false,"template":"","format":"standard","meta":{"footnotes":""},"categories":[2814],"tags":[1111,11,1777,674,118,1011,27,17289,884,12,1072,882,25],"class_list":{"0":"post-627458","1":"post","2":"type-post","3":"status-publish","4":"format-standard","5":"has-post-thumbnail","7":"category-marseille","8":"tag-actu","9":"tag-actualites","10":"tag-eu","11":"tag-europe","12":"tag-faits-divers","13":"tag-fr","14":"tag-france","15":"tag-marin-pompier","16":"tag-marseille","17":"tag-news","18":"tag-police","19":"tag-provence-alpes-cote-dazur","20":"tag-republique-francaise"},"share_on_mastodon":{"url":"https:\/\/pubeurope.com\/@fr\/115802623463151092","error":""},"_links":{"self":[{"href":"https:\/\/www.europesays.com\/fr\/wp-json\/wp\/v2\/posts\/627458","targetHints":{"allow":["GET"]}}],"collection":[{"href":"https:\/\/www.europesays.com\/fr\/wp-json\/wp\/v2\/posts"}],"about":[{"href":"https:\/\/www.europesays.com\/fr\/wp-json\/wp\/v2\/types\/post"}],"author":[{"embeddable":true,"href":"https:\/\/www.europesays.com\/fr\/wp-json\/wp\/v2\/users\/2"}],"replies":[{"embeddable":true,"href":"https:\/\/www.europesays.com\/fr\/wp-json\/wp\/v2\/comments?post=627458"}],"version-history":[{"count":0,"href":"https:\/\/www.europesays.com\/fr\/wp-json\/wp\/v2\/posts\/627458\/revisions"}],"wp:featuredmedia":[{"embeddable":true,"href":"https:\/\/www.europesays.com\/fr\/wp-json\/wp\/v2\/media\/627459"}],"wp:attachment":[{"href":"https:\/\/www.europesays.com\/fr\/wp-json\/wp\/v2\/media?parent=627458"}],"wp:term":[{"taxonomy":"category","embeddable":true,"href":"https:\/\/www.europesays.com\/fr\/wp-json\/wp\/v2\/categories?post=627458"},{"taxonomy":"post_tag","embeddable":true,"href":"https:\/\/www.europesays.com\/fr\/wp-json\/wp\/v2\/tags?post=627458"}],"curies":[{"name":"wp","href":"https:\/\/api.w.org\/{rel}","templated":true}]}}