{"id":627462,"date":"2025-12-29T11:30:09","date_gmt":"2025-12-29T11:30:09","guid":{"rendered":"https:\/\/www.europesays.com\/fr\/627462\/"},"modified":"2025-12-29T11:30:09","modified_gmt":"2025-12-29T11:30:09","slug":"lyon-des-debordements-apres-la-victoire-de-lalgerie-la-police-intervient","status":"publish","type":"post","link":"https:\/\/www.europesays.com\/fr\/627462\/","title":{"rendered":"Lyon. Des d\u00e9bordements apr\u00e8s la victoire de l&rsquo;Alg\u00e9rie, la police intervient"},"content":{"rendered":"<p>                    Par<br \/>\n        <strong><br \/>\n            <a href=\"https:\/\/actu.fr\/auteur\/emma-ressegaire\" title=\"Consulter tous les articles de Emma Ressegaire\" target=\"_blank\" rel=\"noopener\">Emma Ressegaire<\/a><br \/>\n                    <\/strong><\/p>\n<p>        Publi\u00e9 le<\/p>\n<p>            29 d\u00e9c. 2025 \u00e0 9h55        <\/p>\n<p>Des <strong>d\u00e9bordements de supporters<\/strong> ont eu lieu, \u00e0 la <a href=\"https:\/\/actu.fr\/auvergne-rhone-alpes\/lyon_69123\/lyon-pluie-de-commerces-fermes-par-la-prefecture-dans-ce-quartier-voici-pourquoi_63496133.html\" target=\"_blank\" rel=\"noopener\">Guilloti\u00e8re<\/a>, apr\u00e8s le match entre l\u2019Alg\u00e9rie et le Burkina Faso, en Coupe d\u2019Afrique des nations, ce dimanche 28 d\u00e9cembre 2025 au soir.<\/p>\n<p>Des dizaines de supporters dans la rue<\/p>\n<p class=\" wall-content\">L\u2019Alg\u00e9rie s\u2019est qualifi\u00e9e pour les 8es de finale de Coupe d\u2019Afrique des nations en gagnant 1-0 contre le Burkina Faso. Une victoire f\u00eat\u00e9e par les supporters des Fennecs <strong>entre la Guilloti\u00e8re et la Fosse aux Ours<\/strong>.\u00a0<\/p>\n<p class=\" wall-content\">Selon nos informations, pr\u00e8s de 150 personnes se sont retrouv\u00e9es dans la rue pour c\u00e9l\u00e9brer, dans la joie, cette qualification.<strong> Klaxons et chants<\/strong> : une ambiance bon enfant dans un premier temps. Un dispositif policier \u00e9tait d\u2019ailleurs pr\u00e9vu.<\/p>\n<p class=\" wall-content\">\n<p>Usage de gaz lacrymog\u00e8ne<\/p>\n<p class=\" wall-content\">Mais un peu plus tard dans la soir\u00e9e, certains petits groupes de supporters ont commenc\u00e9 \u00e0 troubler la f\u00eate. Hostiles vis-\u00e0-vis des forces de l\u2019ordre, ils ont commenc\u00e9 \u00e0 <strong>lancer des projectiles sur ces derniers.<\/strong> Par cons\u00e9quent, la police a fait usage de gaz lacrymog\u00e8ne afin de les disperser et d\u2019\u00e9viter \u00e9galement un accident avec les v\u00e9hicules qui circulaient aux alentours.\u00a0<\/p>\n<p class=\" wall-content\">Aucun bless\u00e9 n\u2019est \u00e0 d\u00e9plorer.<\/p>\n<p class=\" wall-content\">Personnalisez votre actualit\u00e9 en ajoutant vos villes et m\u00e9dias en favori avec <a href=\"https:\/\/moncompte.actu.fr\" title=\"D\u00e9couvez Mon Actu\" rel=\"nofollow noopener\" data-trk=\"{&quot;cta&quot;:{&quot;action&quot;:&quot;https:\\\/\\\/moncompte.actu.fr&quot;,&quot;category&quot;:&quot;mon compte&quot;,&quot;from&quot;:&quot;article footer&quot;,&quot;name&quot;:&quot;Mon actu&quot;,&quot;type&quot;:&quot;cta&quot;}}\" target=\"_blank\">Mon Actu<\/a>.<\/p>\n","protected":false},"excerpt":{"rendered":"Par Emma Ressegaire Publi\u00e9 le 29 d\u00e9c. 2025 \u00e0 9h55 Des d\u00e9bordements de supporters ont eu lieu, \u00e0&hellip;\n","protected":false},"author":2,"featured_media":627463,"comment_status":"","ping_status":"","sticky":false,"template":"","format":"standard","meta":{"footnotes":""},"categories":[1889],"tags":[1111,11,15,2430,1777,674,118,1011,27,2428,12,1072,25],"class_list":{"0":"post-627462","1":"post","2":"type-post","3":"status-publish","4":"format-standard","5":"has-post-thumbnail","7":"category-lyon","8":"tag-actu","9":"tag-actualites","10":"tag-algerie","11":"tag-auvergne-rhone-alpes","12":"tag-eu","13":"tag-europe","14":"tag-faits-divers","15":"tag-fr","16":"tag-france","17":"tag-lyon","18":"tag-news","19":"tag-police","20":"tag-republique-francaise"},"share_on_mastodon":{"url":"https:\/\/pubeurope.com\/@fr\/115802631402602611","error":""},"_links":{"self":[{"href":"https:\/\/www.europesays.com\/fr\/wp-json\/wp\/v2\/posts\/627462","targetHints":{"allow":["GET"]}}],"collection":[{"href":"https:\/\/www.europesays.com\/fr\/wp-json\/wp\/v2\/posts"}],"about":[{"href":"https:\/\/www.europesays.com\/fr\/wp-json\/wp\/v2\/types\/post"}],"author":[{"embeddable":true,"href":"https:\/\/www.europesays.com\/fr\/wp-json\/wp\/v2\/users\/2"}],"replies":[{"embeddable":true,"href":"https:\/\/www.europesays.com\/fr\/wp-json\/wp\/v2\/comments?post=627462"}],"version-history":[{"count":0,"href":"https:\/\/www.europesays.com\/fr\/wp-json\/wp\/v2\/posts\/627462\/revisions"}],"wp:featuredmedia":[{"embeddable":true,"href":"https:\/\/www.europesays.com\/fr\/wp-json\/wp\/v2\/media\/627463"}],"wp:attachment":[{"href":"https:\/\/www.europesays.com\/fr\/wp-json\/wp\/v2\/media?parent=627462"}],"wp:term":[{"taxonomy":"category","embeddable":true,"href":"https:\/\/www.europesays.com\/fr\/wp-json\/wp\/v2\/categories?post=627462"},{"taxonomy":"post_tag","embeddable":true,"href":"https:\/\/www.europesays.com\/fr\/wp-json\/wp\/v2\/tags?post=627462"}],"curies":[{"name":"wp","href":"https:\/\/api.w.org\/{rel}","templated":true}]}}