{"id":627466,"date":"2025-12-29T11:33:10","date_gmt":"2025-12-29T11:33:10","guid":{"rendered":"https:\/\/www.europesays.com\/fr\/627466\/"},"modified":"2025-12-29T11:33:10","modified_gmt":"2025-12-29T11:33:10","slug":"le-plan-grand-froid-active-a-paris-et-en-ile-de-france-face-a-une-vague-de-froid-persistante","status":"publish","type":"post","link":"https:\/\/www.europesays.com\/fr\/627466\/","title":{"rendered":"Le plan Grand Froid activ\u00e9 \u00e0 Paris et en \u00cele-de-France face \u00e0 une vague de froid persistante"},"content":{"rendered":"<p>Face \u00e0 une vague de froid intense et durable, les autorit\u00e9s ont d\u00e9clench\u00e9 le plan Grand Froid \u00e0 Paris et dans l\u2019ensemble de l\u2019\u00cele-de-France. Objectif : renforcer la protection des personnes sans-abri alors que les temp\u00e9ratures nocturnes restent n\u00e9gatives et ne d\u00e9passent pas 4\u202f\u00b0C en journ\u00e9e. Cette mobilisation exceptionnelle multiplie les dispositifs d\u2019accueil d\u2019urgence et met \u00e0 rude \u00e9preuve les structures sociales d\u00e9j\u00e0 tr\u00e8s sollicit\u00e9es.<\/p>\n<p>                                            Une vague de froid persistante sur l\u2019\u00cele-de-France<\/p>\n<p>Depuis plusieurs jours, la r\u00e9gion parisienne conna\u00eet une baisse notable des temp\u00e9ratures. La nuit, le thermom\u00e8tre descend r\u00e9guli\u00e8rement sous z\u00e9ro, limitant l&rsquo;espoir de redoux en journ\u00e9e o\u00f9 le mercure reste sous la barre des <strong>4\u202f\u00b0C<\/strong>. Ces conditions ont pouss\u00e9 la Mairie de <a href=\"https:\/\/www.meteocity.com\/france\/paris-v2988507\" target=\"_blank\" rel=\"noopener\">Paris<\/a> \u00e0 solliciter d\u00e8s la fin de semaine l\u2019activation du plan Grand Froid, un dispositif r\u00e9gi par les autorit\u00e9s pr\u00e9fectorales.<\/p>\n<p>Ce plan vise \u00e0 faire face aux risques imm\u00e9diats pour les personnes sans abri, particuli\u00e8rement expos\u00e9es lors d&rsquo;<a href=\"https:\/\/actus.meteocity.com\/froid\" target=\"_blank\" rel=\"noopener\">\u00e9pisodes de froid soutenu<\/a>. D&rsquo;autres d\u00e9partements d\u2019\u00cele-de-France, d\u00e9j\u00e0 concern\u00e9s par des temp\u00e9ratures hivernales s\u00e9v\u00e8res, ont \u00e9galement enclench\u00e9 le dispositif.<\/p>\n<p>    Des dispositifs renforc\u00e9s pour l\u2019h\u00e9bergement d\u2019urgence<\/p>\n<p>Le plan Grand Froid implique plusieurs mesures concr\u00e8tes, destin\u00e9es \u00e0 offrir une mise \u00e0 l&rsquo;abri et un soutien renforc\u00e9 pour les personnes vuln\u00e9rables :<\/p>\n<ul>\n<li><strong>\u00c9largissement des horaires des accueils de jour<\/strong> : ces structures restent ouvertes plus longtemps, voire toute la nuit dans certains cas.<\/li>\n<li><strong>Ouverture de nouveaux sites d\u2019accueil<\/strong> : gymnases, pr\u00e9fectures et salles municipales sont r\u00e9quisitionn\u00e9s pour cr\u00e9er des places suppl\u00e9mentaires.<\/li>\n<li><strong>Mise \u00e0 disposition de chambres d\u2019h\u00f4tel<\/strong> : les familles sont h\u00e9berg\u00e9es dans des h\u00f4tels sp\u00e9cialement mobilis\u00e9s pour l\u2019urgence sociale.<\/li>\n<li><strong>Renforcement des \u00e9quipes mobiles (\u201cmaraudes\u201d)<\/strong> : les interventions sur le terrain se multiplient pour rep\u00e9rer, secourir et orienter les personnes en d\u00e9tresse.<\/li>\n<li><strong>Transfert exceptionnel de certains accueils de jour en haltes de nuit<\/strong> pour garantir un abri sans interruption.<\/li>\n<\/ul>\n<p>\u00c0 Paris, <strong>46\u202f200 places d\u2019h\u00e9bergement sont disponibles toute l\u2019ann\u00e9e<\/strong>. Le plan ajoute environ <strong>300 places suppl\u00e9mentaires durant toute la saison hivernale<\/strong> et mobilise <strong>200 places additionnelles<\/strong> en r\u00e9ponse directe \u00e0 la vague de froid. D\u00e8s le lundi suivant l\u2019activation, <strong>60 femmes isol\u00e9es<\/strong> devaient \u00eatre accueillies dans les locaux de la pr\u00e9fecture du 15e arrondissement.<\/p>\n<p>    Une mobilisation \u00e9tendue \u00e0 l\u2019ensemble de la r\u00e9gion<\/p>\n<p>Tous les d\u00e9partements de l\u2019\u00cele-de-France sont impliqu\u00e9s. En <a href=\"https:\/\/www.meteocity.com\/france\/seine-saint-denis-d2975246\" target=\"_blank\" rel=\"noopener\"><strong>Seine-Saint-Denis<\/strong><\/a>, un gymnase de 60 places a ouvert ses portes et <strong>35 nouvelles places d\u2019h\u00f4tel<\/strong> ont \u00e9t\u00e9 ajout\u00e9es. Les pr\u00e9fectures des <strong>Hauts-de-Seine<\/strong>, de <strong>Seine-et-Marne<\/strong> et du <strong>Val-d\u2019Oise<\/strong> ont elles aussi activ\u00e9 leur propre dispositif pour faire face au froid intense.<\/p>\n<p>Au niveau national, une trentaine de d\u00e9partements avait d\u00e9j\u00e0 d\u00e9clench\u00e9 des mesures similaires avant Paris, t\u00e9moignant de l\u2019ampleur exceptionnelle de cet \u00e9pisode hivernal. L\u2019objectif reste partout le m\u00eame : \u00e9viter que des personnes en pr\u00e9carit\u00e9 ne soient expos\u00e9es \u00e0 des situations \u00e0 risque, voire \u00e0 un danger vital.<\/p>\n<p>    Un impact tangible sur les sans-abri et les services d\u2019accueil<\/p>\n<p>Dans les centres d\u2019accueil comme ceux du <strong>13e arrondissement de Paris<\/strong>, la fr\u00e9quentation s\u2019intensifie, notamment dans des lieux embl\u00e9matiques tels que \u201cLa Mie de Pain\u201d. On y observe une arriv\u00e9e massive de personnes marqu\u00e9es par la fatigue et les effets directs du froid\u00a0: douleurs osseuses, l\u00e9sions cutan\u00e9es et baisse de moral sont signal\u00e9es par les \u00e9quipes de terrain.<\/p>\n<p>Les appels au <strong>115<\/strong>, num\u00e9ro d\u2019urgence sociale en France, se multiplient, mobilisant un personnel renforc\u00e9 pour r\u00e9pondre \u00e0 la demande et orienter rapidement les personnes vers une solution d\u2019h\u00e9bergement. Les forces de l\u2019ordre et les pompiers re\u00e7oivent des consignes sp\u00e9cifiques pour rep\u00e9rer et mettre \u00e0 l\u2019abri les personnes vuln\u00e9rables durant leurs patrouilles.<\/p>\n<p>Malgr\u00e9 ces efforts, le nombre de personnes sans solution en \u00cele-de-France est estim\u00e9 \u00e0 plus de <strong>3\u00a0500<\/strong>, un chiffre en hausse par rapport \u00e0 2021. La tension sur les places d\u2019accueil reste tr\u00e8s forte.<\/p>\n<p>    Conseils pratiques\u00a0: pr\u00e9cautions et gestes \u00e0 adopter<\/p>\n<ul>\n<li>Pendant les p\u00e9riodes de grand froid, signaler imm\u00e9diatement toute personne vuln\u00e9rable en difficult\u00e9 au <strong>115<\/strong>.<\/li>\n<li>Pour les riverains, rester attentif et alerter les secours si une personne est en danger dehors, surtout la nuit.<\/li>\n<li>Adopter des v\u00eatements chauds et superposer les couches pour isoler du froid.<\/li>\n<li>\u00c9viter toute exposition prolong\u00e9e aux basses temp\u00e9ratures, surtout pour les nourrissons, personnes \u00e2g\u00e9es et malades.<\/li>\n<li>Limiter les d\u00e9placements nocturnes \u00e0 pied sans \u00e9quipement adapt\u00e9.<\/li>\n<\/ul>\n","protected":false},"excerpt":{"rendered":"Face \u00e0 une vague de froid intense et durable, les autorit\u00e9s ont d\u00e9clench\u00e9 le plan Grand Froid \u00e0&hellip;\n","protected":false},"author":2,"featured_media":627467,"comment_status":"","ping_status":"","sticky":false,"template":"","format":"standard","meta":{"footnotes":""},"categories":[1592],"tags":[1111,11,1777,674,1011,27,662,12,626,25],"class_list":{"0":"post-627466","1":"post","2":"type-post","3":"status-publish","4":"format-standard","5":"has-post-thumbnail","7":"category-ile-de-france","8":"tag-actu","9":"tag-actualites","10":"tag-eu","11":"tag-europe","12":"tag-fr","13":"tag-france","14":"tag-ile-de-france","15":"tag-news","16":"tag-paris","17":"tag-republique-francaise"},"share_on_mastodon":{"url":"https:\/\/pubeurope.com\/@fr\/115802643124328499","error":""},"_links":{"self":[{"href":"https:\/\/www.europesays.com\/fr\/wp-json\/wp\/v2\/posts\/627466","targetHints":{"allow":["GET"]}}],"collection":[{"href":"https:\/\/www.europesays.com\/fr\/wp-json\/wp\/v2\/posts"}],"about":[{"href":"https:\/\/www.europesays.com\/fr\/wp-json\/wp\/v2\/types\/post"}],"author":[{"embeddable":true,"href":"https:\/\/www.europesays.com\/fr\/wp-json\/wp\/v2\/users\/2"}],"replies":[{"embeddable":true,"href":"https:\/\/www.europesays.com\/fr\/wp-json\/wp\/v2\/comments?post=627466"}],"version-history":[{"count":0,"href":"https:\/\/www.europesays.com\/fr\/wp-json\/wp\/v2\/posts\/627466\/revisions"}],"wp:featuredmedia":[{"embeddable":true,"href":"https:\/\/www.europesays.com\/fr\/wp-json\/wp\/v2\/media\/627467"}],"wp:attachment":[{"href":"https:\/\/www.europesays.com\/fr\/wp-json\/wp\/v2\/media?parent=627466"}],"wp:term":[{"taxonomy":"category","embeddable":true,"href":"https:\/\/www.europesays.com\/fr\/wp-json\/wp\/v2\/categories?post=627466"},{"taxonomy":"post_tag","embeddable":true,"href":"https:\/\/www.europesays.com\/fr\/wp-json\/wp\/v2\/tags?post=627466"}],"curies":[{"name":"wp","href":"https:\/\/api.w.org\/{rel}","templated":true}]}}