{"id":627470,"date":"2025-12-29T11:35:10","date_gmt":"2025-12-29T11:35:10","guid":{"rendered":"https:\/\/www.europesays.com\/fr\/627470\/"},"modified":"2025-12-29T11:35:10","modified_gmt":"2025-12-29T11:35:10","slug":"un-homme-vraisemblablement-mort-de-froid-decouvert-a-paris-le-parquet-ouvre-une-enquete","status":"publish","type":"post","link":"https:\/\/www.europesays.com\/fr\/627470\/","title":{"rendered":"Un homme vraisemblablement mort de froid d\u00e9couvert \u00e0 Paris, le parquet ouvre une enqu\u00eate"},"content":{"rendered":"<p>Le corps d&rsquo;un homme \u00e2g\u00e9 de 72 ans a \u00e9t\u00e9 d\u00e9couvert ce dimanche 28 d\u00e9cembre dans les rues de la capitale en d\u00e9but de soir\u00e9e.<\/p>\n<p>Ce dimanche 28 d\u00e9cembre, peu apr\u00e8s 18 heures, les pompiers sont intervenus pour un homme inanim\u00e9 au sol boulevard Berthier, dans le 17e arrondissement de Paris. L&rsquo;homme, \u00e2g\u00e9 de 72 ans et d&rsquo;origine s\u00e9n\u00e9galaise, \u00e9tait d\u00e9j\u00e0 mort lors de leur intervention, a appris BFMTV de sources concordantes, confirmant les informations du <a href=\"https:\/\/www.leparisien.fr\/faits-divers\/paris-un-corps-retrouve-dans-le-xviie-arrondissement-lhomme-probablement-mort-de-froid-29-12-2025-QCBC5RGSR5GOPOSZI4VQYJGA5A.php\" target=\"_blank\" class=\"external_link\" rel=\"noopener\">Parisien<\/a>.<\/p>\n<p>L&rsquo;exploitation ult\u00e9rieure des cam\u00e9ras de vid\u00e9osurveillance a montr\u00e9 que le corps de l&rsquo;homme n&rsquo;avait pas boug\u00e9 entre 7h30 du matin et 18 heures le soir, ce qui laisse supposer qu&rsquo;il \u00e9tait mort depuis plusieurs heures, en pleine rue, selon une source polici\u00e8re \u00e0 BFMTV.<\/p>\n<p>Une enqu\u00eate ouverte<\/p>\n<p>C&rsquo;est un passant, inquiet de son \u00e9tat, qui a alert\u00e9 un employ\u00e9 de l&rsquo;h\u00f4tel \u00e0 proximit\u00e9, qui lui-m\u00eame a ensuite contact\u00e9 les pompiers, indique de son c\u00f4t\u00e9 le parquet de Paris.<\/p>\n<p>Selon de premi\u00e8res informations, que l&rsquo;enqu\u00eate devra confirmer, l&rsquo;homme b\u00e9n\u00e9ficiait d&rsquo;une chambre dans un foyer Emmaus \u00e0 proximit\u00e9, mais ne s&rsquo;y est pas rendu la veille de sa mort, pour une raison inconnue pour le moment.<\/p>\n<p>Une enqu\u00eate en recherche des causes de la mort a \u00e9t\u00e9 ouverte par le parquet de Paris et confi\u00e9e au commissariat du 17e arrondissement.<\/p>\n","protected":false},"excerpt":{"rendered":"Le corps d&rsquo;un homme \u00e2g\u00e9 de 72 ans a \u00e9t\u00e9 d\u00e9couvert ce dimanche 28 d\u00e9cembre dans les rues&hellip;\n","protected":false},"author":2,"featured_media":627471,"comment_status":"","ping_status":"","sticky":false,"template":"","format":"standard","meta":{"footnotes":""},"categories":[1888],"tags":[1111,1928,11,1927,1777,674,1011,27,12,1926,626,1925,25],"class_list":{"0":"post-627470","1":"post","2":"type-post","3":"status-publish","4":"format-standard","5":"has-post-thumbnail","7":"category-paris","8":"tag-actu","9":"tag-actu-paris","10":"tag-actualites","11":"tag-actualites-paris","12":"tag-eu","13":"tag-europe","14":"tag-fr","15":"tag-france","16":"tag-news","17":"tag-news-paris","18":"tag-paris","19":"tag-paris-news","20":"tag-republique-francaise"},"share_on_mastodon":{"url":"https:\/\/pubeurope.com\/@fr\/115802651055969176","error":""},"_links":{"self":[{"href":"https:\/\/www.europesays.com\/fr\/wp-json\/wp\/v2\/posts\/627470","targetHints":{"allow":["GET"]}}],"collection":[{"href":"https:\/\/www.europesays.com\/fr\/wp-json\/wp\/v2\/posts"}],"about":[{"href":"https:\/\/www.europesays.com\/fr\/wp-json\/wp\/v2\/types\/post"}],"author":[{"embeddable":true,"href":"https:\/\/www.europesays.com\/fr\/wp-json\/wp\/v2\/users\/2"}],"replies":[{"embeddable":true,"href":"https:\/\/www.europesays.com\/fr\/wp-json\/wp\/v2\/comments?post=627470"}],"version-history":[{"count":0,"href":"https:\/\/www.europesays.com\/fr\/wp-json\/wp\/v2\/posts\/627470\/revisions"}],"wp:featuredmedia":[{"embeddable":true,"href":"https:\/\/www.europesays.com\/fr\/wp-json\/wp\/v2\/media\/627471"}],"wp:attachment":[{"href":"https:\/\/www.europesays.com\/fr\/wp-json\/wp\/v2\/media?parent=627470"}],"wp:term":[{"taxonomy":"category","embeddable":true,"href":"https:\/\/www.europesays.com\/fr\/wp-json\/wp\/v2\/categories?post=627470"},{"taxonomy":"post_tag","embeddable":true,"href":"https:\/\/www.europesays.com\/fr\/wp-json\/wp\/v2\/tags?post=627470"}],"curies":[{"name":"wp","href":"https:\/\/api.w.org\/{rel}","templated":true}]}}