{"id":627472,"date":"2025-12-29T11:36:10","date_gmt":"2025-12-29T11:36:10","guid":{"rendered":"https:\/\/www.europesays.com\/fr\/627472\/"},"modified":"2025-12-29T11:36:10","modified_gmt":"2025-12-29T11:36:10","slug":"suivi-des-recommandations-des-juridictions-financieres-quel-impact","status":"publish","type":"post","link":"https:\/\/www.europesays.com\/fr\/627472\/","title":{"rendered":"Suivi des recommandations des juridictions financi\u00e8res : quel impact\u00a0?"},"content":{"rendered":"<p>\t\t\tProc\u00e9dure de suivi<\/p>\n<p>Le suivi de la mise en \u0153uvre des recommandations a \u00e9t\u00e9 rendu obligatoire par la loi du 7 ao\u00fbt 2015, dite loi Notre. En application de l\u2019article L.243-9 du Code des juridictions financi\u00e8res (CJF), l\u2019ex\u00e9cutif des collectivit\u00e9s locales et des EPCI doit, en effet, pr\u00e9senter \u00e0 l\u2019assembl\u00e9e d\u00e9lib\u00e9rante un rapport dans lequel il fait \u00e9tat des suites r\u00e9serv\u00e9es aux recommandations formul\u00e9es lors des contr\u00f4les des chambres r\u00e9gionales et territoriales des comptes (CRTC), et ce dans un d\u00e9lai d\u2019un an suivant la publication des observations d\u00e9finitives.<\/p>\n<p>Ces rapports de suivi annuels sont transmis aux CRTC qui analysent l\u2019effectivit\u00e9 des suites donn\u00e9es \u00e0 leurs recommandations. Un m\u00e9canisme de cotation permet de rendre compte du degr\u00e9 de mise en \u0153uvre selon &#8230;<\/p>\n<p class=\"blocCut__title\">\n\t\t\t\t\t\t\t\t\t[90% reste \u00e0 lire]\n\t\t\t\t\t\t\t<\/p>\n<p class=\"blocCut__title--type2\">Article r\u00e9serv\u00e9 aux abonn\u00e9s<\/p>\n<p class=\"blocCut__title--type3\">Club Finances<\/p>\n<p class=\"blocCut__title--type2\">VOUS N&rsquo;\u00eaTES PAS ABONN\u00e9 ?<\/p>\n<p class=\"blocCut__title--type4\">Testez notre Offre D\u00e9couverte Club finances pendant 15 jours<\/p>\n<p>\t\t\t\t\t\t\t\t<a href=\"https:\/\/www.abonnement.infopro-digital.com\/club-finances\/inscription\/227\/1726#xtor=CS5-313-[site_paywall]-[https:\/\/www.lagazettedescommunes.com\/1013429\/suivi-des-recommandations-des-juridictions-financieres-quel-impact\/]-[page_article]-[a]\" target=\"_blank\" class=\"btn__full buttonTypeA buttonTypeA--1\" rel=\"noopener\">J\u2019en profite<\/a><\/p>\n","protected":false},"excerpt":{"rendered":"Proc\u00e9dure de suivi Le suivi de la mise en \u0153uvre des recommandations a \u00e9t\u00e9 rendu obligatoire par la&hellip;\n","protected":false},"author":2,"featured_media":627473,"comment_status":"","ping_status":"","sticky":false,"template":"","format":"standard","meta":{"footnotes":""},"categories":[1888],"tags":[25583,2348,47,11,2346,25586,2345,1777,674,25585,15579,1011,27,46842,12,626,25584,25,2347],"class_list":{"0":"post-627472","1":"post","2":"type-post","3":"status-publish","4":"format-standard","5":"has-post-thumbnail","7":"category-paris","8":"tag-a-la-une-finances","9":"tag-actu-experts-finances","10":"tag-actualite","11":"tag-actualites","12":"tag-actualites-finances","13":"tag-auteurassocie","14":"tag-club-finances","15":"tag-eu","16":"tag-europe","17":"tag-fiches-finances","18":"tag-finances-locales","19":"tag-fr","20":"tag-france","21":"tag-juridictions-financieres","22":"tag-news","23":"tag-paris","24":"tag-pratique-finances","25":"tag-republique-francaise","26":"tag-toute-lactu-finances"},"share_on_mastodon":{"url":"https:\/\/pubeurope.com\/@fr\/115802655025730717","error":""},"_links":{"self":[{"href":"https:\/\/www.europesays.com\/fr\/wp-json\/wp\/v2\/posts\/627472","targetHints":{"allow":["GET"]}}],"collection":[{"href":"https:\/\/www.europesays.com\/fr\/wp-json\/wp\/v2\/posts"}],"about":[{"href":"https:\/\/www.europesays.com\/fr\/wp-json\/wp\/v2\/types\/post"}],"author":[{"embeddable":true,"href":"https:\/\/www.europesays.com\/fr\/wp-json\/wp\/v2\/users\/2"}],"replies":[{"embeddable":true,"href":"https:\/\/www.europesays.com\/fr\/wp-json\/wp\/v2\/comments?post=627472"}],"version-history":[{"count":0,"href":"https:\/\/www.europesays.com\/fr\/wp-json\/wp\/v2\/posts\/627472\/revisions"}],"wp:featuredmedia":[{"embeddable":true,"href":"https:\/\/www.europesays.com\/fr\/wp-json\/wp\/v2\/media\/627473"}],"wp:attachment":[{"href":"https:\/\/www.europesays.com\/fr\/wp-json\/wp\/v2\/media?parent=627472"}],"wp:term":[{"taxonomy":"category","embeddable":true,"href":"https:\/\/www.europesays.com\/fr\/wp-json\/wp\/v2\/categories?post=627472"},{"taxonomy":"post_tag","embeddable":true,"href":"https:\/\/www.europesays.com\/fr\/wp-json\/wp\/v2\/tags?post=627472"}],"curies":[{"name":"wp","href":"https:\/\/api.w.org\/{rel}","templated":true}]}}