{"id":62749,"date":"2025-04-29T21:19:30","date_gmt":"2025-04-29T21:19:30","guid":{"rendered":"https:\/\/www.europesays.com\/fr\/62749\/"},"modified":"2025-04-29T21:19:30","modified_gmt":"2025-04-29T21:19:30","slug":"tomblaine-theatre-et-commedia-dellarte-avec-les-jeunes-talents-etudiants-a-versailles","status":"publish","type":"post","link":"https:\/\/www.europesays.com\/fr\/62749\/","title":{"rendered":"Tomblaine. Th\u00e9\u00e2tre et Commedia dell\u2019arte avec les jeunes talents, \u00e9tudiants \u00e0 Versailles"},"content":{"rendered":"<p>Les \u00e9l\u00e8ves de l\u2019\u00c9cole sup\u00e9rieure internationale des arts dramatiques de Versailles (Esiad) et son maestro Carlo Boso, l\u2019un des ma\u00eetres incontest\u00e9s de la Commedia dell\u2019arte, sont en r\u00e9sidence artistique pour une semaine \u00e0 Tomblaine.<\/p>\n<p>\u00c0 peine arriv\u00e9s, ils r\u00e9p\u00e9taient et chantaient spontan\u00e9ment dimanche apr\u00e8s-midi sur la place des Arts.<\/p>\n<p>Lundi et mardi, ils ont accueilli, au Th\u00e9\u00e2tre de la Source, les enfants des \u00e9coles de la commune et interpr\u00e9t\u00e9&#8230;<\/p>\n","protected":false},"excerpt":{"rendered":"Les \u00e9l\u00e8ves de l\u2019\u00c9cole sup\u00e9rieure internationale des arts dramatiques de Versailles (Esiad) et son maestro Carlo Boso, l\u2019un&hellip;\n","protected":false},"author":2,"featured_media":62750,"comment_status":"","ping_status":"","sticky":false,"template":"","format":"standard","meta":{"footnotes":""},"categories":[9635],"tags":[1111,11,1687,1704,1777,674,1011,27,775,11260,1702,12,25,11703],"class_list":{"0":"post-62749","1":"post","2":"type-post","3":"status-publish","4":"format-standard","5":"has-post-thumbnail","7":"category-nancy","8":"tag-actu","9":"tag-actualites","10":"tag-culture-loisirs","11":"tag-edition-nancy-et-agglomeration","12":"tag-eu","13":"tag-europe","14":"tag-fr","15":"tag-france","16":"tag-grand-est","17":"tag-metropole-du-grand-nancy-54b4","18":"tag-nancy","19":"tag-news","20":"tag-republique-francaise","21":"tag-tomblaine"},"share_on_mastodon":{"url":"https:\/\/pubeurope.com\/@fr\/114423343556755665","error":""},"_links":{"self":[{"href":"https:\/\/www.europesays.com\/fr\/wp-json\/wp\/v2\/posts\/62749","targetHints":{"allow":["GET"]}}],"collection":[{"href":"https:\/\/www.europesays.com\/fr\/wp-json\/wp\/v2\/posts"}],"about":[{"href":"https:\/\/www.europesays.com\/fr\/wp-json\/wp\/v2\/types\/post"}],"author":[{"embeddable":true,"href":"https:\/\/www.europesays.com\/fr\/wp-json\/wp\/v2\/users\/2"}],"replies":[{"embeddable":true,"href":"https:\/\/www.europesays.com\/fr\/wp-json\/wp\/v2\/comments?post=62749"}],"version-history":[{"count":0,"href":"https:\/\/www.europesays.com\/fr\/wp-json\/wp\/v2\/posts\/62749\/revisions"}],"wp:featuredmedia":[{"embeddable":true,"href":"https:\/\/www.europesays.com\/fr\/wp-json\/wp\/v2\/media\/62750"}],"wp:attachment":[{"href":"https:\/\/www.europesays.com\/fr\/wp-json\/wp\/v2\/media?parent=62749"}],"wp:term":[{"taxonomy":"category","embeddable":true,"href":"https:\/\/www.europesays.com\/fr\/wp-json\/wp\/v2\/categories?post=62749"},{"taxonomy":"post_tag","embeddable":true,"href":"https:\/\/www.europesays.com\/fr\/wp-json\/wp\/v2\/tags?post=62749"}],"curies":[{"name":"wp","href":"https:\/\/api.w.org\/{rel}","templated":true}]}}