{"id":627495,"date":"2025-12-29T11:49:12","date_gmt":"2025-12-29T11:49:12","guid":{"rendered":"https:\/\/www.europesays.com\/fr\/627495\/"},"modified":"2025-12-29T11:49:12","modified_gmt":"2025-12-29T11:49:12","slug":"en-images-la-desillusion-de-jouffroy-et-des-bleus-les-nombreux-soucis-financiers-revivez-lannee-du-basket-du-hand-et-du-volley","status":"publish","type":"post","link":"https:\/\/www.europesays.com\/fr\/627495\/","title":{"rendered":"En images. La d\u00e9sillusion de Jouffroy et des Bleus, les nombreux soucis financiers&#8230; Revivez l&rsquo;ann\u00e9e du basket, du hand et du volley"},"content":{"rendered":"<p>L&rsquo;Is\u00e9rois Quentin Jouffroy et les Bleus du volley-ball ont \u00e9t\u00e9 \u00e9limin\u00e9s d\u00e8s la phase de poules du Mondial\u00a0; le GSMH38, le VB Romanais, l&rsquo;AVB ou encore Le Pouzin handball tous ses clubs ont connu des probl\u00e8mes sur le plan financier&#8230; Revivez les grands moments de l&rsquo;ann\u00e9e 2025 dans nos r\u00e9gions pour le basket-ball, le handball et le volley-ball.<\/p>\n","protected":false},"excerpt":{"rendered":"L&rsquo;Is\u00e9rois Quentin Jouffroy et les Bleus du volley-ball ont \u00e9t\u00e9 \u00e9limin\u00e9s d\u00e8s la phase de poules du Mondial\u00a0;&hellip;\n","protected":false},"author":2,"featured_media":627496,"comment_status":"","ping_status":"","sticky":false,"template":"","format":"standard","meta":{"footnotes":""},"categories":[1417],"tags":[28022,4646,6184,6185,1791,73672,5509,12844,14465,2730,9852,9853,4645,7001,112,3859,2737,111,114,12390,1011,27,2798,9540,2731,2732,1792,108,12297,32619,32620,6148,9597,9598,1479,2736,9448,11264,15481,22524,5508,517,60,2733,2734,1584,10589,7831,7832,1470,1632,1469],"class_list":{"0":"post-627495","1":"post","2":"type-post","3":"status-publish","4":"format-standard","5":"has-post-thumbnail","7":"category-volley","8":"tag-aix-les-bains-bassin","9":"tag-ardeche","10":"tag-avignon","11":"tag-avignon-bassin","12":"tag-basket-ball","13":"tag-beaumont-les-valence","14":"tag-chambery","15":"tag-chambery-bassin","16":"tag-csh-chambery-savoie-handball","17":"tag-drome","18":"tag-echirolles","19":"tag-echirolles-bassin","20":"tag-edition-aubenas-privas-vallee-du-rhone","21":"tag-edition-chambery-aix-les-bains","22":"tag-edition-grenoble-agglomeration","23":"tag-edition-provencale","24":"tag-edition-romans-nord-drome","25":"tag-edition-vienne-roussillon","26":"tag-edition-voiron-saint-marcellin","27":"tag-eybens","28":"tag-fr","29":"tag-france","30":"tag-galerie-photo","31":"tag-galerie-sport","32":"tag-grenoble","33":"tag-grenoble-bassin","34":"tag-handball","35":"tag-isere","36":"tag-la-tronche","37":"tag-le-pontet","38":"tag-le-pontet-et-autour","39":"tag-le-pouzin","40":"tag-meylan","41":"tag-meylan-et-autour","42":"tag-romans","43":"tag-romans-sur-isere","44":"tag-saint-martin-dheres","45":"tag-saint-martin-dheres-bassin","46":"tag-saint-vallier","47":"tag-saint-vallier-et-autour","48":"tag-savoie","49":"tag-sport","50":"tag-sports","51":"tag-valence","52":"tag-valence-bassin","53":"tag-vienne","54":"tag-vienne-bassin","55":"tag-voiron","56":"tag-voiron-bassin","57":"tag-volley","58":"tag-volley-ball","59":"tag-volleyball"},"share_on_mastodon":{"url":"","error":"Validation failed: Text character limit of 500 exceeded"},"_links":{"self":[{"href":"https:\/\/www.europesays.com\/fr\/wp-json\/wp\/v2\/posts\/627495","targetHints":{"allow":["GET"]}}],"collection":[{"href":"https:\/\/www.europesays.com\/fr\/wp-json\/wp\/v2\/posts"}],"about":[{"href":"https:\/\/www.europesays.com\/fr\/wp-json\/wp\/v2\/types\/post"}],"author":[{"embeddable":true,"href":"https:\/\/www.europesays.com\/fr\/wp-json\/wp\/v2\/users\/2"}],"replies":[{"embeddable":true,"href":"https:\/\/www.europesays.com\/fr\/wp-json\/wp\/v2\/comments?post=627495"}],"version-history":[{"count":0,"href":"https:\/\/www.europesays.com\/fr\/wp-json\/wp\/v2\/posts\/627495\/revisions"}],"wp:featuredmedia":[{"embeddable":true,"href":"https:\/\/www.europesays.com\/fr\/wp-json\/wp\/v2\/media\/627496"}],"wp:attachment":[{"href":"https:\/\/www.europesays.com\/fr\/wp-json\/wp\/v2\/media?parent=627495"}],"wp:term":[{"taxonomy":"category","embeddable":true,"href":"https:\/\/www.europesays.com\/fr\/wp-json\/wp\/v2\/categories?post=627495"},{"taxonomy":"post_tag","embeddable":true,"href":"https:\/\/www.europesays.com\/fr\/wp-json\/wp\/v2\/tags?post=627495"}],"curies":[{"name":"wp","href":"https:\/\/api.w.org\/{rel}","templated":true}]}}