{"id":627499,"date":"2025-12-29T11:51:11","date_gmt":"2025-12-29T11:51:11","guid":{"rendered":"https:\/\/www.europesays.com\/fr\/627499\/"},"modified":"2025-12-29T11:51:11","modified_gmt":"2025-12-29T11:51:11","slug":"la-presse-dezingue-le-match-entre-kyrgios-et-sabalenka","status":"publish","type":"post","link":"https:\/\/www.europesays.com\/fr\/627499\/","title":{"rendered":"la presse d\u00e9zingue le match entre Kyrgios et Sabalenka"},"content":{"rendered":"<p>\n    <strong>REVUE DE PRESSE &#8211; <\/strong>Le nouvel \u00e9pisode de la \u00abBataille des sexes\u00bb, que Nick Kyrgios a remport\u00e9 face \u00e0 Aryna Sabalenka dimanche \u00e0 Duba\u00ef, s\u2019est attir\u00e9 les foudres de la presse internationale.<\/p>\n<p class=\"fig-paragraph\">Les sourires n\u2019ont que rarement quitt\u00e9 les visages de Nick Kyrgios et Aryna Sabalenka, dimanche lors de leur exhibition \u00e0 Duba\u00ef. Mais ni la N.1 mondiale,\u00a0<a href=\"http:\/\/www.lefigaro.fr\/sports\/tennis\/tennis-kyrgios-gagne-la-bataille-des-sexes-contre-sabalenka-devant-17-000-spectateurs-a-dubai-20251228\" data-fig-type=\"NewsFlash\" data-gtm-custom-categorie=\"navigation\" data-gtm-custom-action=\"crossclick\" data-gtm-custom-label=\"Contextuel\" data-gtm-event=\"customEventSPE\" data-fig-domain=\"LEFIGARO\" target=\"_blank\" rel=\"noopener\">battue en deux sets (6-3, 6-3)<\/a>\u00a0avec des r\u00e8gles baroques, ni le d\u00e9sormais 671e joueur mondial, ancien finaliste de Wimbledon \u00e0 court de forme, n\u2019ont convaincu les sceptiques.<\/p>\n<p class=\"fig-paragraph\">Le duel \u00e9tait \u00e9tiquet\u00e9 comme un nouvel \u00e9pisode de la \u00abBataille des sexes\u00bb, en r\u00e9f\u00e9rence \u00e0 la victoire historique de Billie Jean King en 1973 sur l\u2019ancien joueur Bobby Riggs (6-4, 6-3, 6-3), \u00abun tournant pour l\u2019\u00e9galit\u00e9 des genres dans le sport\u00bb, rappelle\u00a0<a href=\"https:\/\/www.mundodeportivo.com\/us\/en\/20251228\/736852\/kyrgios-beats-world-1-sabalenka-in-dubai-battle-of-the-sexes.html\" target=\"_blank\" rel=\"sponsored noopener\" data-gtm-custom-categorie=\"navigation\" data-gtm-custom-action=\"crossclick\" data-gtm-custom-label=\"Contextuel\" data-gtm-event=\"customEventSPE\">Mundo Deportivo<\/a> . Le journal catalan a vu \u00abun d\u00e9sir de divertissement et de joie partag\u00e9e plut\u00f4t qu\u2019une vraie opposition\u00bb entre la Bi\u00e9lorusse et l\u2019Australien.<\/p>\n<p>                                            <a class=\"fig-a11y-skip\" href=\"#fig-a11y-skip-main-inarticle\" data-module=\"a11y-skip\" data-context=\"was @visible\"><br \/>\n    Passer la publicit\u00e9<br \/>\n<\/a>            <\/p>\n<p>                                            \u00abNi assez dr\u00f4le, ni assez disput\u00e9\u00bb<\/p>\n<p class=\"fig-paragraph\">Le quotidien madril\u00e8ne\u00a0<a href=\"https:\/\/www.marca.com\/tenis\/2025\/12\/28\/kyrgios-gana-despeinarse-batalla-sexos-sabalenka.html\" target=\"_blank\" rel=\"sponsored noopener\" data-gtm-custom-categorie=\"navigation\" data-gtm-custom-action=\"crossclick\" data-gtm-custom-label=\"Contextuel\" data-gtm-event=\"customEventSPE\">Marca<\/a> \u00a0est autrement plus critique face \u00e0 \u00abdu tennis en papier m\u00e2ch\u00e9\u00bb qui \u00abne changera pas le cours du tennis actuel, presque comme un tweet par rapport \u00e0 un livre\u00bb. Ce match \u00abtroublant ne nous a rien appris sur le sport\u00bb, d\u00e9plore le\u00a0<a href=\"https:\/\/www.thetimes.com\/sport\/tennis\/article\/aryna-sabalenka-vs-nick-kyrgios-battle-sexes-pm0trlqk5\" target=\"_blank\" rel=\"sponsored noopener\" data-gtm-custom-categorie=\"navigation\" data-gtm-custom-action=\"crossclick\" data-gtm-custom-label=\"Contextuel\" data-gtm-event=\"customEventSPE\">Times<\/a>, il n\u2019\u00e9tait \u00abni assez dr\u00f4le, ni assez disput\u00e9 pour satisfaire qui que ce soit\u00bb. Et le journal britannique d\u2019ironiser\u00a0: \u00abLa signification culturelle ou sportive \u00e9tait faible mais c\u2019\u00e9tait intrigant, comme un YouTuber qui d\u00e9fie un double champion poids lourd de boxe. Oh attendez, c\u2019est arriv\u00e9, et\u00a0<a href=\"http:\/\/www.lefigaro.fr\/sports\/boxe\/boxe-jake-paul-s-est-fait-poser-deux-plaques-en-metal-a-la-machoire-apres-son-combat-face-a-joshua-20251222\" data-fig-type=\"NewsFlash\" data-gtm-custom-categorie=\"navigation\" data-gtm-custom-action=\"crossclick\" data-gtm-custom-label=\"Contextuel\" data-gtm-event=\"customEventSPE\" data-fig-domain=\"LEFIGARO\" target=\"_blank\" rel=\"noopener\">Jake Paul a fini \u00e0 l\u2019h\u00f4pital<\/a> .\u00bb<\/p>\n<p class=\"fig-paragraph\">Le Daily Telegraph enfonce le clou, qualifiant la rencontre de \u00abparodie grotesque de la \u201cBataille des sexes\u201d\u00bb. C\u2019\u00e9tait m\u00eame une \u00abfarce\u00bb pour\u00a0<a href=\"https:\/\/www.nytimes.com\/athletic\/6923238\/2025\/12\/28\/tennis-sabalenka-kyrgios-battle-sexes\/?redirected=1\" target=\"_blank\" rel=\"sponsored noopener\" data-gtm-custom-categorie=\"navigation\" data-gtm-custom-action=\"crossclick\" data-gtm-custom-label=\"Contextuel\" data-gtm-event=\"customEventSPE\">The Athletic<\/a> . Le journal\u00a0<a href=\"https:\/\/www.lequipe.fr\/Tennis\/Actualites\/Nick-kyrgios-remporte-la-bataille-des-sexes-face-a-aryna-sabalenka\/1629870\" target=\"_blank\" rel=\"sponsored noopener\" data-gtm-custom-categorie=\"navigation\" data-gtm-custom-action=\"crossclick\" data-gtm-custom-label=\"Contextuel\" data-gtm-event=\"customEventSPE\">L\u2019\u00c9quipe<\/a> \u00a0regrette une \u00abexhibition marketing entre deux joueurs repr\u00e9sent\u00e9s par la m\u00eame agence\u00bb et qui ont offert \u00abun spectacle global d\u2019assez mauvais aloi\u00bb. Le Times souligne les pr\u00e9sences des anciens footballeurs br\u00e9siliens Ronaldo et Kaka qui \u00absemblaient avoir d\u00e9barqu\u00e9 par hasard en vacances en cherchant l\u2019aquarium de Duba\u00ef\u00bb.<\/p>\n<p>                                            \u00abLes misogynes et les incels \u00e9taient ravis\u00bb<\/p>\n<p class=\"fig-paragraph\">Au-del\u00e0 de ce \u00abtennis fictif\u00bb, Marca insiste sur l\u2019absence de but\u00a0: \u00abLe tennis f\u00e9minin n\u2019a plus besoin de leviers pour attirer l\u2019attention ou gravir les \u00e9chelons du professionnalisme l\u2019aube de 2025, le sport f\u00e9minin n\u2019a plus rien \u00e0 prouver. Le temps de la validation est r\u00e9volu.\u00bb Le m\u00e9dia espagnol ne manque d\u2019ailleurs pas de relever que l\u2019exhibition se tenait aux \u00c9mirats arabes unis, \u00abo\u00f9 les femmes ont encore beaucoup \u00e0 conqu\u00e9rir\u00bb.<\/p>\n<p class=\"fig-paragraph\">\u00abLes r\u00e9actions sur les r\u00e9seaux sociaux apr\u00e8s la victoire de Kyrgios sugg\u00e8rent que l\u2019effet a m\u00eame \u00e9t\u00e9 le contraire. Les misogynes et\u00a0<a href=\"http:\/\/www.lefigaro.fr\/actualite-france\/plongee-dans-la-nebuleuse-des-incels-ces-ados-sexuellement-frustres-au-point-de-vouloir-tuer-le-genre-oppose-20250712\" data-fig-type=\"Article\" data-gtm-custom-categorie=\"navigation\" data-gtm-custom-action=\"crossclick\" data-gtm-custom-label=\"Contextuel\" data-gtm-event=\"customEventSPE\" data-fig-domain=\"LEFIGARO\" target=\"_blank\" rel=\"noopener\">les incels<\/a> \u00a0\u00e9taient ravis\u00bb, s\u2019exasp\u00e8re le\u00a0<a href=\"https:\/\/www.theguardian.com\/sport\/2025\/dec\/28\/kyrgios-defeats-sabalenka-but-battle-of-the-sexes-veers-too-close-to-circus\" target=\"_blank\" rel=\"sponsored noopener\" data-gtm-custom-categorie=\"navigation\" data-gtm-custom-action=\"crossclick\" data-gtm-custom-label=\"Contextuel\" data-gtm-event=\"customEventSPE\">Guardian<\/a> . The Athletic n\u2019oublie d\u2019ailleurs pas le passif de Kyrgios qui, en 2023,\u00a0<a href=\"http:\/\/www.lefigaro.fr\/sports\/tennis\/tennis-nick-kyrgios-admet-avoir-agresse-son-ex-compagne-et-echappe-a-une-condamnation-20230203\" data-fig-type=\"NewsFlash\" data-gtm-custom-categorie=\"navigation\" data-gtm-custom-action=\"crossclick\" data-gtm-custom-label=\"Contextuel\" data-gtm-event=\"customEventSPE\" data-fig-domain=\"LEFIGARO\" target=\"_blank\" rel=\"noopener\">avait plaid\u00e9 coupable de violences conjugales<\/a>\u00a0sur son ex-compagne Chiara Passari pour des faits commis en 2021, et qui n\u2019avait pas toujours donn\u00e9 au tennis f\u00e9minin le respect qu\u2019il m\u00e9ritait.<\/p>\n<p class=\"fig-paragraph\">\u00c0 l\u2019issue du match, Sabalenka confiait qu\u2019une revanche n\u2019\u00e9tait pas \u00e0 exclure. Le Times r\u00e9sume ce que l\u2019ensemble des observateurs ont pens\u00e9 en entendant cela\u00a0: \u00abPar piti\u00e9, non.\u00bb La N.1 mondiale sera attendue \u00e0 l\u2019Open d\u2019Australie (12 janvier &#8211; 1er f\u00e9vrier), premier Grand Chelem de l\u2019ann\u00e9e, qu\u2019elle a remport\u00e9 en 2023 et 2024 avant d\u2019\u00eatre d\u00e9tr\u00f4n\u00e9e en finale\u00a0<a href=\"http:\/\/www.lefigaro.fr\/sports\/tennis-madison-keys-les-vertus-de-la-patience-20250126\" data-fig-type=\"Article\" data-gtm-custom-categorie=\"navigation\" data-gtm-custom-action=\"crossclick\" data-gtm-custom-label=\"Contextuel\" data-gtm-event=\"customEventSPE\" data-fig-domain=\"LEFIGARO\" target=\"_blank\" rel=\"noopener\">par l\u2019Am\u00e9ricaine Madison Keys<\/a>\u00a0il y a un an.<\/p>\n","protected":false},"excerpt":{"rendered":"REVUE DE PRESSE &#8211; Le nouvel \u00e9pisode de la \u00abBataille des sexes\u00bb, que Nick Kyrgios a remport\u00e9 face&hellip;\n","protected":false},"author":2,"featured_media":627500,"comment_status":"","ping_status":"","sticky":false,"template":"","format":"standard","meta":{"footnotes":""},"categories":[1415],"tags":[7615,1011,27,63206,60,1467],"class_list":{"0":"post-627499","1":"post","2":"type-post","3":"status-publish","4":"format-standard","5":"has-post-thumbnail","7":"category-tennis","8":"tag-aryna-sabalenka","9":"tag-fr","10":"tag-france","11":"tag-nick-kyrgios","12":"tag-sports","13":"tag-tennis"},"share_on_mastodon":{"url":"https:\/\/pubeurope.com\/@fr\/115802713787692884","error":""},"_links":{"self":[{"href":"https:\/\/www.europesays.com\/fr\/wp-json\/wp\/v2\/posts\/627499","targetHints":{"allow":["GET"]}}],"collection":[{"href":"https:\/\/www.europesays.com\/fr\/wp-json\/wp\/v2\/posts"}],"about":[{"href":"https:\/\/www.europesays.com\/fr\/wp-json\/wp\/v2\/types\/post"}],"author":[{"embeddable":true,"href":"https:\/\/www.europesays.com\/fr\/wp-json\/wp\/v2\/users\/2"}],"replies":[{"embeddable":true,"href":"https:\/\/www.europesays.com\/fr\/wp-json\/wp\/v2\/comments?post=627499"}],"version-history":[{"count":0,"href":"https:\/\/www.europesays.com\/fr\/wp-json\/wp\/v2\/posts\/627499\/revisions"}],"wp:featuredmedia":[{"embeddable":true,"href":"https:\/\/www.europesays.com\/fr\/wp-json\/wp\/v2\/media\/627500"}],"wp:attachment":[{"href":"https:\/\/www.europesays.com\/fr\/wp-json\/wp\/v2\/media?parent=627499"}],"wp:term":[{"taxonomy":"category","embeddable":true,"href":"https:\/\/www.europesays.com\/fr\/wp-json\/wp\/v2\/categories?post=627499"},{"taxonomy":"post_tag","embeddable":true,"href":"https:\/\/www.europesays.com\/fr\/wp-json\/wp\/v2\/tags?post=627499"}],"curies":[{"name":"wp","href":"https:\/\/api.w.org\/{rel}","templated":true}]}}