{"id":627501,"date":"2025-12-29T11:55:11","date_gmt":"2025-12-29T11:55:11","guid":{"rendered":"https:\/\/www.europesays.com\/fr\/627501\/"},"modified":"2025-12-29T11:55:11","modified_gmt":"2025-12-29T11:55:11","slug":"gp-de-marseille-la-marseillaise-2026-les-equipes-invitees-actualite","status":"publish","type":"post","link":"https:\/\/www.europesays.com\/fr\/627501\/","title":{"rendered":"GP de Marseille-La Marseillaise 2026 : Les \u00e9quipes invit\u00e9es &#8211; Actualit\u00e9"},"content":{"rendered":"<p style=\"text-align: justify;\"><strong>La 47e \u00e9dition du Grand Prix de Marseille-La Marseillaise (1.1) se tiendra le 1er f\u00e9vrier prochain. Il s\u2019agira comme tous les ans de la course d\u2019ouverture sur le sol fran\u00e7ais. Le quotidien La Marseillaise vient de d\u00e9voiler la liste des \u00e9quipes engag\u00e9es sur la premi\u00e8re manche de la FDJ United Series. Elles sont au nombre de 19, parmi lesquelles quatre WorldTeams. En comparaison avec l&rsquo;\u00c9toile de Bess\u00e8ges qui d\u00e9butera trois jours plus tard, Pinarello-Q36.5 et le Team Flanders Baloise ne feront pas le d\u00e9placement \u00e0 l&rsquo;inverse de Caja Rural-Seguros RGA, Kern Pharma et Euskaltel-Euskadi.<br \/><\/strong><\/p>\n<p style=\"text-align: justify;\">Le laur\u00e9at de cette nouvelle \u00e9dition succ\u00e9dera au palmar\u00e8s \u00e0 <strong><a href=\"https:\/\/www.directvelo.com\/actualite\/118584\/valentin-ferron-je-suis-toujours-un-bon-coureur\" target=\"_blank\" rel=\"noopener\">Valentin Ferron (Cofidis) qui l\u2019avait emport\u00e9 de justesse, au jet\u00e9 de v\u00e9lo, en 2025<\/a><\/strong>. <br \/>Les \u00e9quipes invit\u00e9es sur le GP de Marseille-La Marseillaise 2026 : <br \/><strong><strong>WorldTeams<br \/><\/strong><\/strong>Decathlon CMA CGM Team<br \/>Groupama-FDJ United<br \/>Alpecin-Premier Tech<br \/>Lotto-Intermarch\u00e9<strong><strong><br \/><strong><br \/>ProTeams<br \/><\/strong><\/strong><\/strong>Cofidis<br \/>TotalEnergies<br \/>Unibet Rose Rockets<br \/>Burgos-Burpellet-BH<br \/>Caja Rural-Seguros RGA<br \/>Equipo Kern Pharma<br \/>Euskaltel-Euskadi<br \/>MBH Bank-CSB-Telecom Fort<br \/>Team Polti-VisitMalta<br \/>Toscana-Nippo-Rali<strong><strong\/><\/strong><\/p>\n<p><strong>Continentales<br \/><\/strong>CIC Pro Cycling Academy<br \/>Nice M\u00e9tropole C\u00f4te d&rsquo;Azur<br \/>St-Michel-Preference Home-Auber 93<br \/>Van Rysel-Roubaix<br \/>Elite Fondations CT \u00a0 \u00a0<\/p>\n","protected":false},"excerpt":{"rendered":"La 47e \u00e9dition du Grand Prix de Marseille-La Marseillaise (1.1) se tiendra le 1er f\u00e9vrier prochain. Il s\u2019agira&hellip;\n","protected":false},"author":2,"featured_media":627502,"comment_status":"","ping_status":"","sticky":false,"template":"","format":"standard","meta":{"footnotes":""},"categories":[1411],"tags":[834,828,836,829,837,827,83,826,824,823,1154,207,814,817,815,816,822,821,832,211,839,1011,27,820,818,819,835,831,830,833,838,60,212,208,825],"class_list":{"0":"post-627501","1":"post","2":"type-post","3":"status-publish","4":"format-standard","5":"has-post-thumbnail","7":"category-cyclisme","8":"tag-attaque","9":"tag-belgique","10":"tag-braquet","11":"tag-bretagne","12":"tag-chute","13":"tag-competition","14":"tag-coupe-de-france","15":"tag-coureur","16":"tag-course-cyclisme","17":"tag-course-cycliste","18":"tag-cycling","19":"tag-cyclisme","20":"tag-direct","21":"tag-direct-velo","22":"tag-directvelo","23":"tag-directvelo-com","24":"tag-epreuve","25":"tag-epreuve-cycliste","26":"tag-federation-francaise-de-cyclisme","27":"tag-ffc","28":"tag-flandres","29":"tag-fr","30":"tag-france","31":"tag-live","32":"tag-live-course","33":"tag-live-epreuve","34":"tag-peloton","35":"tag-radio-peloton","36":"tag-radio-tour","37":"tag-ravitaillement","38":"tag-relance","39":"tag-sports","40":"tag-uci","41":"tag-velo","42":"tag-velos"},"share_on_mastodon":{"url":"https:\/\/pubeurope.com\/@fr\/115802729620229971","error":""},"_links":{"self":[{"href":"https:\/\/www.europesays.com\/fr\/wp-json\/wp\/v2\/posts\/627501","targetHints":{"allow":["GET"]}}],"collection":[{"href":"https:\/\/www.europesays.com\/fr\/wp-json\/wp\/v2\/posts"}],"about":[{"href":"https:\/\/www.europesays.com\/fr\/wp-json\/wp\/v2\/types\/post"}],"author":[{"embeddable":true,"href":"https:\/\/www.europesays.com\/fr\/wp-json\/wp\/v2\/users\/2"}],"replies":[{"embeddable":true,"href":"https:\/\/www.europesays.com\/fr\/wp-json\/wp\/v2\/comments?post=627501"}],"version-history":[{"count":0,"href":"https:\/\/www.europesays.com\/fr\/wp-json\/wp\/v2\/posts\/627501\/revisions"}],"wp:featuredmedia":[{"embeddable":true,"href":"https:\/\/www.europesays.com\/fr\/wp-json\/wp\/v2\/media\/627502"}],"wp:attachment":[{"href":"https:\/\/www.europesays.com\/fr\/wp-json\/wp\/v2\/media?parent=627501"}],"wp:term":[{"taxonomy":"category","embeddable":true,"href":"https:\/\/www.europesays.com\/fr\/wp-json\/wp\/v2\/categories?post=627501"},{"taxonomy":"post_tag","embeddable":true,"href":"https:\/\/www.europesays.com\/fr\/wp-json\/wp\/v2\/tags?post=627501"}],"curies":[{"name":"wp","href":"https:\/\/api.w.org\/{rel}","templated":true}]}}