{"id":627504,"date":"2025-12-29T11:57:10","date_gmt":"2025-12-29T11:57:10","guid":{"rendered":"https:\/\/www.europesays.com\/fr\/627504\/"},"modified":"2025-12-29T11:57:10","modified_gmt":"2025-12-29T11:57:10","slug":"dany-brillant-celibataire-a-60-ans-il-donne-de-ses-nouvelles-je-netais-pas-forme","status":"publish","type":"post","link":"https:\/\/www.europesays.com\/fr\/627504\/","title":{"rendered":"Dany Brillant c\u00e9libataire \u00e0 60 ans, il donne de ses nouvelles : \u201cJe n\u2019\u00e9tais pas form\u00e9\u2026\u201d"},"content":{"rendered":"<p>\u00c0 60 ans tout juste, Dany Brillant affiche toujours ce sourire<br \/>\nsolaire qui a fait sa marque de fabrique. Toujours sur sc\u00e8ne, il a<br \/>\nm\u00eame publi\u00e9 l\u2019an dernier un album intitul\u00e9 Seventies, clin d\u2019\u0153il<br \/>\nassum\u00e9 \u00e0 une \u00e9poque qu\u2019il affectionne autant qu\u2019\u00e0 l\u2019\u00e2ge qu\u2019il<br \/>\natteint aujourd\u2019hui. Pourtant, derri\u00e8re l\u2019image du crooner \u00e9l\u00e9gant,<br \/>\nl\u2019homme se montre plus complexe, plus secret, notamment <a href=\"https:\/\/www.closermag.fr\/people\/tellement-doffre-dany-brillant-parle-amour-et-fidelite-son-discours-fait-tiquer-3582309\" target=\"_blank\" rel=\"noopener\"><br \/>\nlorsqu\u2019il \u00e9voque sa vie sentimentale<\/a>. Longtemps tr\u00e8s expos\u00e9<br \/>\nm\u00e9diatiquement dans les ann\u00e9es 1990 et 2000 gr\u00e2ce \u00e0 des titres<br \/>\ncomme Suzette ou Quand je vois tes yeux, Dany<br \/>\nBrillant a ensuite choisi la discr\u00e9tion, en particulier sur le<br \/>\nterrain intime. En 2005, il avait toutefois accept\u00e9 de se livrer<br \/>\nsans d\u00e9tour sur le plateau de Tout le monde en parle, face<br \/>\n\u00e0 Thierry Ardisson.<\/p>\n<p>Une interview aujourd\u2019hui disponible sur INA ArdiTube, dans<br \/>\nlaquelle l\u2019artiste prenait soin de casser son image lisse. D\u00e8s les<br \/>\npremi\u00e8res minutes, il posait le d\u00e9cor. \u201c\u00c0 la t\u00e9l\u00e9vision, je<br \/>\nsuis oblig\u00e9 d\u2019\u00eatre festif et souriant. Dans la vie, je suis plut\u00f4t<br \/>\nmarginal et asocial\u201d, expliquait-il, assumant une personnalit\u00e9<br \/>\ntravers\u00e9e de contradictions. Il parlait d\u2019une vie int\u00e9rieure riche,<br \/>\nparfois tourment\u00e9e, regrettant que ses chansons les plus sombres<br \/>\naient souvent \u00e9t\u00e9 \u00e9clips\u00e9es au profit de morceaux plus l\u00e9gers.<br \/>\n<strong>\u201cMais je joue le jeu\u201d,<\/strong> ajoutait-il,<br \/>\nconscient des codes du petit \u00e9cran.\u00a0<\/p>\n<p>Dany Brillant se confie en toute transparence sur sa vie<br \/>\nintime<\/p>\n<p>L\u2019entretien prenait ensuite une tournure plus personnelle<br \/>\nlorsqu\u2019il \u00e9voquait son enfance et sa relation compliqu\u00e9e avec son<br \/>\np\u00e8re. Autoritaire, peu d\u00e9monstratif, ce dernier n\u2019avait jamais cru<br \/>\n\u00e0 sa vocation artistique. \u201cQuand je lui ai dit que je voulais<br \/>\n\u00eatre chanteur, il m\u2019a r\u00e9pondu : \u2018Tu seras chanteur et moi pr\u00e9sident<br \/>\nde la R\u00e9publique\u2019\u201d, racontait-il avec humour.<\/p>\n<p>Pourtant, l\u2019\u00e9motion avait fini par rattraper ce p\u00e8re distant,<br \/>\nboulevers\u00e9 en voyant son fils \u00e0 la t\u00e9l\u00e9vision. D\u00e9c\u00e9d\u00e9 en 2002, il<br \/>\nreste une figure centrale dans le parcours de <a href=\"https:\/\/www.closermag.fr\/people\/dany-brillant-quel-souci-de-sante-a-eu-le-chanteur-durant-ses-annees-de-silence-1195670\" target=\"_blank\" rel=\"noopener\"><br \/>\nDany Brillant<\/a>, \u00e0 qui il a d\u00e9di\u00e9 une chanson retra\u00e7ant toute sa<br \/>\nvie en quelques minutes. \u00c0 60 ans, <a href=\"https:\/\/www.closermag.fr\/people\/dany-brillant-celibataire-il-annonce-sa-rupture-avec-nathalie-mouy-la-mere-de-ses-enfants-3549745\" target=\"_blank\" rel=\"noopener\"><br \/>\nl\u2019artiste se dit aujourd\u2019hui c\u00e9libataire<\/a>, sans amertume. Il<br \/>\nreconna\u00eet avoir \u00e9t\u00e9 mari\u00e9 tr\u00e8s jeune, \u00e0 21 ans, une exp\u00e9rience<br \/>\naussi rapide qu\u2019instructive. \u201c<strong>Je n\u2019\u00e9tais pas<br \/>\nform\u00e9\u201d<\/strong>, confiait-il avec lucidit\u00e9.\u00a0<\/p>\n<p>\u00ab\u00a0Dans une relation, on est trois\u00a0\u00bb<\/p>\n<p>Jaloux, excessif, il a compris avec le temps que l\u2019amour ne<br \/>\npouvait survivre sans libert\u00e9. Sa vision du couple est d\u00e9sormais<br \/>\nclaire : \u201cDans une relation, on est trois : l\u2019homme, la femme<br \/>\net le couple. Chacun doit garder son espace\u201d.<\/p>\n<p>Et de conclure, avec le sourire : <strong>\u201cIl faut se marier<br \/>\n\u00e0 40 ans\u201d<\/strong>. Derri\u00e8re cette sagesse tardive, Dany<br \/>\nBrillant cultive aussi une forme d\u2019autod\u00e9rision. Il n\u2019h\u00e9site pas \u00e0<br \/>\nrappeler qu\u2019adolescent, il se trouvait peu s\u00e9duisant, maladroit,<br \/>\nsouvent recal\u00e9 en soir\u00e9e. La musique a chang\u00e9 son rapport aux<br \/>\nautres, et \u00e0 lui-m\u00eame.\u00a0<\/p>\n","protected":false},"excerpt":{"rendered":"\u00c0 60 ans tout juste, Dany Brillant affiche toujours ce sourire solaire qui a fait sa marque de&hellip;\n","protected":false},"author":2,"featured_media":627505,"comment_status":"","ping_status":"","sticky":false,"template":"","format":"standard","meta":{"footnotes":""},"categories":[1359],"tags":[21303,58,59,1011,27,70426,973,729],"class_list":{"0":"post-627504","1":"post","2":"type-post","3":"status-publish","4":"format-standard","5":"has-post-thumbnail","7":"category-people","8":"tag-buzz_nonli","9":"tag-divertissement","10":"tag-entertainment","11":"tag-fr","12":"tag-france","13":"tag-marfeel_news","14":"tag-people","15":"tag-yout_video"},"share_on_mastodon":{"url":"https:\/\/pubeurope.com\/@fr\/115802737502735224","error":""},"_links":{"self":[{"href":"https:\/\/www.europesays.com\/fr\/wp-json\/wp\/v2\/posts\/627504","targetHints":{"allow":["GET"]}}],"collection":[{"href":"https:\/\/www.europesays.com\/fr\/wp-json\/wp\/v2\/posts"}],"about":[{"href":"https:\/\/www.europesays.com\/fr\/wp-json\/wp\/v2\/types\/post"}],"author":[{"embeddable":true,"href":"https:\/\/www.europesays.com\/fr\/wp-json\/wp\/v2\/users\/2"}],"replies":[{"embeddable":true,"href":"https:\/\/www.europesays.com\/fr\/wp-json\/wp\/v2\/comments?post=627504"}],"version-history":[{"count":0,"href":"https:\/\/www.europesays.com\/fr\/wp-json\/wp\/v2\/posts\/627504\/revisions"}],"wp:featuredmedia":[{"embeddable":true,"href":"https:\/\/www.europesays.com\/fr\/wp-json\/wp\/v2\/media\/627505"}],"wp:attachment":[{"href":"https:\/\/www.europesays.com\/fr\/wp-json\/wp\/v2\/media?parent=627504"}],"wp:term":[{"taxonomy":"category","embeddable":true,"href":"https:\/\/www.europesays.com\/fr\/wp-json\/wp\/v2\/categories?post=627504"},{"taxonomy":"post_tag","embeddable":true,"href":"https:\/\/www.europesays.com\/fr\/wp-json\/wp\/v2\/tags?post=627504"}],"curies":[{"name":"wp","href":"https:\/\/api.w.org\/{rel}","templated":true}]}}