{"id":627506,"date":"2025-12-29T11:58:13","date_gmt":"2025-12-29T11:58:13","guid":{"rendered":"https:\/\/www.europesays.com\/fr\/627506\/"},"modified":"2025-12-29T11:58:13","modified_gmt":"2025-12-29T11:58:13","slug":"oubliez-momentanement-le-louvre-ces-6-expos-ont-de-quoi-vous-occuper-pendant-les-vacances-2","status":"publish","type":"post","link":"https:\/\/www.europesays.com\/fr\/627506\/","title":{"rendered":"Oubliez momentan\u00e9ment le Louvre, ces 6 expos ont de quoi vous occuper pendant les vacances"},"content":{"rendered":"<p>        <img decoding=\"async\" loading=\"lazy\" src=\"https:\/\/www.europesays.com\/fr\/wp-content\/uploads\/2025\/12\/7f577c0_upload-1-gujw7bz8ot0h-1-vue-d-exposition-palazzo-2023-au-palais-des-papes-avignon-c-benoit-f.jpeg\"  width=\"728\" height=\"409\" alt=\"Comme ici au Palais des papes d\u2019Avignon en 2023, Eva Jospin s\u2019installe au Grand Palais.\"\/>  <\/p>\n<p>Beno\u00eet Fougeirol &#8211; 300\u00a0dpi<\/p>\n<p>Comme ici au Palais des papes d\u2019Avignon en 2023, Eva Jospin s\u2019installe au Grand Palais.<\/p>\n<p class=\"asset asset-text\">Se passer du Louvre pendant les f\u00eates\u00a0? C\u2019est peut-\u00eatre pr\u00e9f\u00e9rable. Sous pression depuis <a href=\"https:\/\/www.huffingtonpost.fr\/france\/article\/vol-des-bijoux-au-musee-du-louvre-le-prejudice-evalue-a-pres-de-100-millions-d-euros_256247.html\" target=\"_blank\" rel=\"noopener\">le vol des huit joyaux<\/a> au mois d\u2019octobre, le mus\u00e9e le plus visit\u00e9 au monde est d\u00e9sormais embourb\u00e9 dans <a href=\"https:\/\/www.huffingtonpost.fr\/culture\/article\/la-greve-au-louvre-passionne-deja-la-presse-etrangere-alors-que-sa-poursuite-doit-etre-discutee-ce-mercredi_258304.html\" target=\"_blank\" rel=\"noopener\">un conflit social sans pr\u00e9c\u00e9dent<\/a>, l\u2019ayant notamment contraint <a href=\"https:\/\/www.huffingtonpost.fr\/france\/article\/le-louvre-ferme-en-raison-d-une-greve-votee-a-l-unanimite-deux-mois-apres-son-cambriolage_258237.html\" target=\"_blank\" rel=\"noopener\">\u00e0 fermer ses portes<\/a> au public pendant plusieurs jours.<\/p>\n<p class=\"asset asset-text\">Le Grand Palais, lui, est bien ouvert. Au m\u00eame titre que la Fondation Louis Vuitton ou la Maison europ\u00e9enne de la photographie, pour ne citer que ces trois hauts lieux culturels parisiens. \u00c0 d\u00e9faut d\u2019aller voir La Joconde pendant les vacances, Le HuffPost vous propose ci-dessous six alternatives, dans la capitale ou ailleurs en France.<\/p>\n<p>       1. Claire Tabouret et Eva Jospin au Grand Palais    <\/p>\n<p class=\"asset asset-text\">Certains connaissent la premi\u00e8re pour les futurs vitraux de Notre-Dame. La seconde, pour son lien de parent\u00e9 \u00e0 l\u2019ancien Premier ministre. Au Grand Palais, les deux stars de l\u2019art contemporain sont r\u00e9unies pour la premi\u00e8re fois dans deux galeries reli\u00e9es par une m\u00eame entr\u00e9e. L\u2019une y d\u00e9voile les maquettes du projet hors du commun qu\u2019elle a r\u00e9alis\u00e9 pour la cath\u00e9drale. L\u2019autre, une incroyable grotte.<\/p>\n<p class=\"asset asset-text\">Les expositions D\u2019un seul souffle et Grottesco sont \u00e0 voir au Grand Palais, \u00e0 Paris, depuis le 10\u00a0d\u00e9cembre. Et ce, jusqu\u2019au 15\u00a0mars\u00a02026, du mardi au dimanche.<\/p>\n<p> La lecture de ce contenu est susceptible d\u2019entra\u00eener un d\u00e9p\u00f4t de cookies de la part de l\u2019op\u00e9rateur tiers qui l\u2019h\u00e9berge. Compte-tenu des choix que vous avez exprim\u00e9s en mati\u00e8re de d\u00e9p\u00f4t de cookies, nous avons bloqu\u00e9 l\u2019affichage de ce contenu. Si vous souhaitez y acc\u00e9der, vous devez accepter la cat\u00e9gorie de cookies \u201cContenus tiers\u201d en cliquant sur le bouton ci-dessous. <\/p>\n<p> Lire la Vid\u00e9o        2. Gerhard Richter \u00e0 la Fondation Louis Vuitton    <\/p>\n<p class=\"asset asset-text\">Apr\u00e8s Jean-Michel Basquiat, Mark Rothko et David Hockney, place \u00e0 Gerhard Richter. Dans la continuit\u00e9 des grandes r\u00e9trospectives consacr\u00e9es aux peintres majeurs des si\u00e8cles derniers, la Fondation Louis Vuitton a r\u00e9uni 275\u00a0des \u0153uvres &#8211; peintures \u00e0 l\u2019huile, sculptures en acier, dessins au crayon &#8211; que l\u2019artiste allemand a r\u00e9alis\u00e9es entre 1962 et 2024. Une grande premi\u00e8re.<\/p>\n<p class=\"asset asset-text\">L\u2019exposition Gerhard Richter est \u00e0 voir \u00e0 la Fondation Louis Vuitton, \u00e0 Paris, depuis le 17\u00a0octobre. Et ce, jusqu\u2019au 2\u00a0mars\u00a02026, du mercredi au lundi.<\/p>\n<p>    3. Tyler Mitchell \u00e0 la MEP    <\/p>\n<p class=\"asset asset-text\">La beaut\u00e9 du quotidien vue par Tyler Mitchell. Connu entre autres pour avoir \u00e9t\u00e9 le premier photographe afro-am\u00e9ricain \u00e0 shooter une couverture de\u00a0Vogue (en 2018, avec Beyonc\u00e9), le jeune prodige de la photographie de mode a depuis \u00e9tendu son champ d\u2019action \u00e0 sa sensibilit\u00e9 pour les paysages lumineux et les sc\u00e8nes utopiques, comme le reflet d\u2019une ode \u00e0 l\u2019autod\u00e9termination.<\/p>\n<p class=\"asset asset-text\">L\u2019exposition Wish This Was Real est \u00e0 voir \u00e0 La maison europ\u00e9enne de la photographie, \u00e0 Paris, depuis le 15\u00a0octobre. Et ce, jusqu\u2019au 25\u00a0janvier\u00a02026, du mercredi au dimanche.<\/p>\n<p> La lecture de ce contenu est susceptible d\u2019entra\u00eener un d\u00e9p\u00f4t de cookies de la part de l\u2019op\u00e9rateur tiers qui l\u2019h\u00e9berge. Compte-tenu des choix que vous avez exprim\u00e9s en mati\u00e8re de d\u00e9p\u00f4t de cookies, nous avons bloqu\u00e9 l\u2019affichage de ce contenu. Si vous souhaitez y acc\u00e9der, vous devez accepter la cat\u00e9gorie de cookies \u201cContenus tiers\u201d en cliquant sur le bouton ci-dessous. <\/p>\n<p> Lire la Vid\u00e9o        4. Carnavals \u00e0 Draguignan    <\/p>\n<p class=\"asset asset-text\">\u00ab\u00a0Le carnaval n\u2019est pas \u00e0 proprement parler une f\u00eate qui est donn\u00e9e au peuple, mais que le peuple se donne \u00e0 lui-m\u00eame\u00a0\u00bb, selon Goethe. Un point de vue partag\u00e9 par l\u2019H\u00f4tel d\u00e9partemental des expositions de Draguignan, dans le Var, o\u00f9 sur trois \u00e9tages, un parcours color\u00e9, flamboyant et festif invite le public \u00e0 d\u00e9couvrir le sens du mot, au gr\u00e9 de souvenirs des bacchanales antiques de Rio, Venise et des Flandres, pour ne citer qu\u2019elles.<\/p>\n<p class=\"asset asset-text\">L\u2019exposition Carnavals d\u2019ici et d\u2019ailleurs est \u00e0 voir \u00e0 l\u2019H\u00f4tel d\u00e9partemental des expositions du Var, \u00e0 Draguignan, depuis le 13\u00a0d\u00e9cembre. Et ce, jusqu\u2019au 22\u00a0mars\u00a02026, du lundi au dimanche.<\/p>\n<p>                     5. L\u2019\u00eele \u00e9ph\u00e9m\u00e8re de Ferdinandea au Mucem    <\/p>\n<p class=\"asset asset-text\">Plong\u00e9e en 1831. Nous sommes dans le canal de Sicile, en face de la Tunisie, et une \u00eele vient de na\u00eetre en pleine mer M\u00e9diterran\u00e9e. Son nom\u00a0? Ferdinandea. N\u00e9 d\u2019une activit\u00e9 volcanique sous-marine, avant de dispara\u00eetre \u00e0 peine six mois plus tard sur fond de querelles internationales, le rocher d\u00e9sormais \u00e0 six m\u00e8tres de profondeur a fa\u00e7onn\u00e9 le r\u00e9cit multiforme de l\u2019artiste et r\u00e9alisateur fran\u00e7ais Cl\u00e9ment Cogitore.<\/p>\n<p class=\"asset asset-text\">L\u2019exposition Ferdinandea, l\u2019\u00eele \u00e9ph\u00e9m\u00e8re est \u00e0 voir au Mucem, \u00e0 Marseille, depuis le 10\u00a0d\u00e9cembre. Et ce, jusqu\u2019au 20\u00a0septembre\u00a02026, du mercredi au lundi.<\/p>\n<p> La lecture de ce contenu est susceptible d\u2019entra\u00eener un d\u00e9p\u00f4t de cookies de la part de l\u2019op\u00e9rateur tiers qui l\u2019h\u00e9berge. Compte-tenu des choix que vous avez exprim\u00e9s en mati\u00e8re de d\u00e9p\u00f4t de cookies, nous avons bloqu\u00e9 l\u2019affichage de ce contenu. Si vous souhaitez y acc\u00e9der, vous devez accepter la cat\u00e9gorie de cookies \u201cContenus tiers\u201d en cliquant sur le bouton ci-dessous. <\/p>\n<p> Lire la Vid\u00e9o        6. Jean-Charles de Castelbajac \u00e0 Toulouse    <\/p>\n<p class=\"asset asset-text\">Quand on pense au cr\u00e9ateur de mode de 76\u00a0ans, nous viennent \u00e0 l\u2019esprit des dessins \u00e0 la craie blanche sur les murs, des v\u00eatements bariol\u00e9s et Jean-Paul II, qu\u2019il a habill\u00e9 en 1997. Un peu moins Lady Gaga, l\u2019Arte Povera, l\u2019upcycling et le reste des sources d\u2019inspiration du styliste r\u00e9unies aux Abattoirs, \u00e0 Toulouse, sous la forme de 300\u00a0\u0153uvres, objets de design, v\u00eatements et photos.<\/p>\n<p class=\"asset asset-text\">L\u2019exposition Jean-Charles de Castelbajac, L\u2019imagination au pouvoir est \u00e0 voir depuis le 12\u00a0d\u00e9cembre aux Abattoirs de Toulouse. Et ce, jusqu\u2019au 23\u00a0ao\u00fbt\u00a02026, du mercredi au dimanche.<\/p>\n","protected":false},"excerpt":{"rendered":"Beno\u00eet Fougeirol &#8211; 300\u00a0dpi Comme ici au Palais des papes d\u2019Avignon en 2023, Eva Jospin s\u2019installe au Grand&hellip;\n","protected":false},"author":2,"featured_media":615690,"comment_status":"","ping_status":"","sticky":false,"template":"","format":"standard","meta":{"footnotes":""},"categories":[1358],"tags":[3734,1348,1384,1385,251,1386,58,59,3293,1011,27],"class_list":{"0":"post-627506","1":"post","2":"type-post","3":"status-publish","4":"format-standard","5":"has-post-thumbnail","7":"category-arts-et-design","8":"tag-art","9":"tag-arts","10":"tag-arts-and-design","11":"tag-arts-et-design","12":"tag-culture","13":"tag-design","14":"tag-divertissement","15":"tag-entertainment","16":"tag-exposition","17":"tag-fr","18":"tag-france"},"share_on_mastodon":{"url":"https:\/\/pubeurope.com\/@fr\/115802741417635576","error":""},"_links":{"self":[{"href":"https:\/\/www.europesays.com\/fr\/wp-json\/wp\/v2\/posts\/627506","targetHints":{"allow":["GET"]}}],"collection":[{"href":"https:\/\/www.europesays.com\/fr\/wp-json\/wp\/v2\/posts"}],"about":[{"href":"https:\/\/www.europesays.com\/fr\/wp-json\/wp\/v2\/types\/post"}],"author":[{"embeddable":true,"href":"https:\/\/www.europesays.com\/fr\/wp-json\/wp\/v2\/users\/2"}],"replies":[{"embeddable":true,"href":"https:\/\/www.europesays.com\/fr\/wp-json\/wp\/v2\/comments?post=627506"}],"version-history":[{"count":0,"href":"https:\/\/www.europesays.com\/fr\/wp-json\/wp\/v2\/posts\/627506\/revisions"}],"wp:featuredmedia":[{"embeddable":true,"href":"https:\/\/www.europesays.com\/fr\/wp-json\/wp\/v2\/media\/615690"}],"wp:attachment":[{"href":"https:\/\/www.europesays.com\/fr\/wp-json\/wp\/v2\/media?parent=627506"}],"wp:term":[{"taxonomy":"category","embeddable":true,"href":"https:\/\/www.europesays.com\/fr\/wp-json\/wp\/v2\/categories?post=627506"},{"taxonomy":"post_tag","embeddable":true,"href":"https:\/\/www.europesays.com\/fr\/wp-json\/wp\/v2\/tags?post=627506"}],"curies":[{"name":"wp","href":"https:\/\/api.w.org\/{rel}","templated":true}]}}