{"id":627507,"date":"2025-12-29T12:00:15","date_gmt":"2025-12-29T12:00:15","guid":{"rendered":"https:\/\/www.europesays.com\/fr\/627507\/"},"modified":"2025-12-29T12:00:15","modified_gmt":"2025-12-29T12:00:15","slug":"star-academy-2025-annonce-de-michael-goldman-retour-aux-classiques-avec-kamel-ouali-et-les-anciens-profs-star-academy","status":"publish","type":"post","link":"https:\/\/www.europesays.com\/fr\/627507\/","title":{"rendered":"Star Academy 2025 &#8211; Annonce de Michael Goldman : \u00ab\u00a0Retour aux Classiques\u00a0\u00bb avec Kamel Ouali et les anciens profs ! &#8211; Star Academy"},"content":{"rendered":"<p id=\"descriptionPanel\" class=\"text-secondary mr-2 line-clamp-2 pr-2.5 overflow-visible\">Michael Goldman vient de d\u00e9voiler une semaine exceptionnelle sous le signe du \u00ab\u00a0Retour aux Classiques\u00a0\u00bb qui promet des moments inoubliables au Ch\u00e2teau. Les acad\u00e9miciens se pr\u00e9parent \u00e0 un d\u00e9fi passionnant : des \u00e9valuations dans chaque discipline avec la pr\u00e9sence d&rsquo;anciens professeurs embl\u00e9matiques. Le programme s&rsquo;annonce intense d\u00e8s lundi avec le th\u00e9\u00e2tre le matin, suivi d&rsquo;un cours \u00e9v\u00e9nement l&rsquo;apr\u00e8s-midi avec Kamel Ouali, qui restera pour \u00e9valuer la danse aux c\u00f4t\u00e9s de Malika. Mardi matin, les \u00e9l\u00e8ves concluront ce marathon avec le chant et l&rsquo;expression sc\u00e9nique. Pour \u00e9quilibrer les chances, un syst\u00e8me de coefficients est mis en place : 50% pour le chant, 25% pour la danse et 25% pour le th\u00e9\u00e2tre, afin de d\u00e9signer les trois nomm\u00e9s et le Top 3 qui s&rsquo;affrontera en battle. L&rsquo;excitation monte pour le prime puisque Kamel Ouali assurera la direction artistique, offrant d\u00e9j\u00e0 une carte blanche \u00e0 Ambre sur \u00ab\u00a0La Corrida\u00a0\u00bb de Francis Cabrel. Le chor\u00e9graphe star choisira \u00e9galement un \u00e9l\u00e8ve pour un tableau chant\u00e9-dans\u00e9 unique cr\u00e9\u00e9 sp\u00e9cialement pour lui.&#13;<br \/>\nBONUS issu du flux live \u00ab\u00a0En direct du Ch\u00e2teau\u00a0\u00bb 2025.<\/p>\n<p>Afficher la version longue du r\u00e9sum\u00e9<a class=\"shrink-0\" href=\"https:\/\/www.tf1.fr\/tf1\/star-academy\" target=\"_blank\" rel=\"noopener\"><img decoding=\"async\" src=\"https:\/\/www.europesays.com\/fr\/wp-content\/uploads\/2025\/12\/program-card-portrait-1-png-f96b9c-df039f-0@1x.jpg\" width=\"138\" height=\"184\" alt=\"\" loading=\"eager\" fetchpriority=\"auto\" class=\"rounded-3px aspect-[3\/4] h-24 w-auto\" aria-hidden=\"true\"\/><\/a><\/p>\n","protected":false},"excerpt":{"rendered":"Michael Goldman vient de d\u00e9voiler une semaine exceptionnelle sous le signe du \u00ab\u00a0Retour aux Classiques\u00a0\u00bb qui promet des&hellip;\n","protected":false},"author":2,"featured_media":627508,"comment_status":"","ping_status":"","sticky":false,"template":"","format":"standard","meta":{"footnotes":""},"categories":[1356],"tags":[58,59,8644,67916,67917,67915,1011,27,5095,67918,67919,62746,62750,62735,62747,62751,62743,62742,62748,62749,62744,62745,252,1364,62740,62741],"class_list":{"0":"post-627507","1":"post","2":"type-post","3":"status-publish","4":"format-standard","5":"has-post-thumbnail","7":"category-television","8":"tag-divertissement","9":"tag-entertainment","10":"tag-exclu","11":"tag-exclu-star-academy","12":"tag-exclu-star-academy-tf1","13":"tag-exclu-tf1","14":"tag-fr","15":"tag-france","16":"tag-star-academy","17":"tag-star-academy-exclu","18":"tag-star-academy-exclu-tf1","19":"tag-star-academy-streaming","20":"tag-star-academy-streaming-gratuit","21":"tag-star-academy-tf1","22":"tag-star-academy-tf1-streaming","23":"tag-star-academy-tf1-streaming-gratuit","24":"tag-star-academy-tf1-video","25":"tag-star-academy-video","26":"tag-streaming-gratuit-star-academy","27":"tag-streaming-gratuit-star-academy-tf1","28":"tag-streaming-star-academy","29":"tag-streaming-star-academy-tf1","30":"tag-television","31":"tag-tv","32":"tag-video-star-academy","33":"tag-video-star-academy-tf1"},"share_on_mastodon":{"url":"","error":"Validation failed: Text character limit of 500 exceeded"},"_links":{"self":[{"href":"https:\/\/www.europesays.com\/fr\/wp-json\/wp\/v2\/posts\/627507","targetHints":{"allow":["GET"]}}],"collection":[{"href":"https:\/\/www.europesays.com\/fr\/wp-json\/wp\/v2\/posts"}],"about":[{"href":"https:\/\/www.europesays.com\/fr\/wp-json\/wp\/v2\/types\/post"}],"author":[{"embeddable":true,"href":"https:\/\/www.europesays.com\/fr\/wp-json\/wp\/v2\/users\/2"}],"replies":[{"embeddable":true,"href":"https:\/\/www.europesays.com\/fr\/wp-json\/wp\/v2\/comments?post=627507"}],"version-history":[{"count":0,"href":"https:\/\/www.europesays.com\/fr\/wp-json\/wp\/v2\/posts\/627507\/revisions"}],"wp:featuredmedia":[{"embeddable":true,"href":"https:\/\/www.europesays.com\/fr\/wp-json\/wp\/v2\/media\/627508"}],"wp:attachment":[{"href":"https:\/\/www.europesays.com\/fr\/wp-json\/wp\/v2\/media?parent=627507"}],"wp:term":[{"taxonomy":"category","embeddable":true,"href":"https:\/\/www.europesays.com\/fr\/wp-json\/wp\/v2\/categories?post=627507"},{"taxonomy":"post_tag","embeddable":true,"href":"https:\/\/www.europesays.com\/fr\/wp-json\/wp\/v2\/tags?post=627507"}],"curies":[{"name":"wp","href":"https:\/\/api.w.org\/{rel}","templated":true}]}}