{"id":627513,"date":"2025-12-29T12:03:10","date_gmt":"2025-12-29T12:03:10","guid":{"rendered":"https:\/\/www.europesays.com\/fr\/627513\/"},"modified":"2025-12-29T12:03:10","modified_gmt":"2025-12-29T12:03:10","slug":"voici-la-liste-noire-des-108-medicaments-a-eviter-en-2026","status":"publish","type":"post","link":"https:\/\/www.europesays.com\/fr\/627513\/","title":{"rendered":"voici la liste noire des 108 m\u00e9dicaments \u00e0 \u00e9viter en 2026"},"content":{"rendered":"<p>M\u00e9dicaments \u00e0 \u00e9viter en 2026 : ce que change la liste noire<br \/>\nPrescrire<\/p>\n<p>Mise \u00e0 jour de d\u00e9cembre regard\u00e9e de pr\u00e8s par patients et<br \/>\nm\u00e9decins, la <strong>revue Prescrire<\/strong> publie son bilan<br \/>\nannuel des <strong>m\u00e9dicaments \u00e0 \u00e9viter en 2026<\/strong>. Reconnue<br \/>\npour son ind\u00e9pendance, elle passe au crible l\u2019efficacit\u00e9 et les<br \/>\nrisques de traitements tr\u00e8s courants, des sirops contre la toux aux<br \/>\nsolutions pour la m\u00e9nopause. L\u2019enjeu est clair : aider \u00e0 soigner<br \/>\nmieux en \u00e9cartant ce qui expose trop pour un b\u00e9n\u00e9fice trop faible.<br \/>\nMais lesquels sont vis\u00e9s ?<\/p>\n<p>Le cru 2026 recense <strong>108 m\u00e9dicaments<\/strong>, dont<br \/>\n<strong>89 commercialis\u00e9s en France<\/strong>, jug\u00e9s plus dangereux<br \/>\nqu\u2019utiles dans leurs indications. Certains entra\u00eenent des effets<br \/>\ng\u00eanants au quotidien ; d\u2019autres, des complications s\u00e9rieuses<br \/>\npouvant aller jusqu\u2019\u00e0 l\u2019hospitalisation ou au d\u00e9c\u00e8s. La liste bouge<br \/>\nd\u2019une ann\u00e9e sur l\u2019autre, au fil des nouvelles donn\u00e9es et des<br \/>\nretraits du march\u00e9. Cette \u00e9dition ajoute des noms connus et touche<br \/>\nplusieurs sp\u00e9cialit\u00e9s. La suite promet des surprises.<\/p>\n<p>Nouveaut\u00e9s 2026 : quatre mol\u00e9cules ajout\u00e9es et deux<br \/>\nretraits<\/p>\n<p>Quatre m\u00e9dicaments rejoignent la liste 2026. Le<br \/>\n<strong>f\u00e9zolin\u00e9tant (Veoza)<\/strong>, destin\u00e9 aux bouff\u00e9es de<br \/>\nchaleur de la m\u00e9nopause, affiche une efficacit\u00e9 tr\u00e8s modeste et<br \/>\npeut \u00eatre toxique pour le foie. Le <strong>g\u00e9fapixant<br \/>\n(Lyfnua)<\/strong>, contre la toux chronique r\u00e9fractaire, cause des<br \/>\ntroubles du go\u00fbt chez de nombreux patients, avec un soup\u00e7on de<br \/>\npneumonies. La <strong>chondro\u00eftine<\/strong> (arthrose) n\u2019a pas<br \/>\nd\u2019efficacit\u00e9 clinique solide et expose \u00e0 de rares r\u00e9actions<br \/>\nallergiques graves. L\u2019<strong>andexanet alfa<\/strong> (Ondexxya),<br \/>\nantidote hospitalier d\u2019h\u00e9morragies sous anti\u2011Xa, est associ\u00e9 \u00e0 des<br \/>\ncomplications cardiovasculaires.<\/p>\n<p>Deux mol\u00e9cules sortent du radar. L\u2019acide ob\u00e9ticholique<br \/>\n(ex\u2011Ocaliva) a \u00e9t\u00e9 retir\u00e9 car il n\u2019est plus autoris\u00e9 en France dans<br \/>\nles cholangites biliaires primitives. Le pirac\u00e9tam (Nootropyl) a<br \/>\n\u00e9t\u00e9 r\u00e9\u00e9valu\u00e9 : \u00ab\u00a0Apr\u00e8s r\u00e9analyse en 2025 de sa balance<br \/>\nb\u00e9n\u00e9fices-risques dans les myoclonies corticales, les donn\u00e9es<br \/>\nd\u00a0\u00bb\u00e9valuation montrent un int\u00e9r\u00eat clinique possible, mais incertain<br \/>\ndans cette situation rare\u00a0\u00bb, a \u00e9crit la revue Prescrire, cit\u00e9e par<br \/>\nNotre Temps. Dans ses autres usages, sa balance reste d\u00e9favorable,<br \/>\navec risques d\u2019h\u00e9morragies, nervosit\u00e9, agitation et prise de<br \/>\npoids.<\/p>\n<p>Les m\u00e9dicaments du quotidien aussi concern\u00e9s : toux, rhume,<br \/>\ndiarrh\u00e9e, arthrose<\/p>\n<p>La liste pointe des produits tr\u00e8s familiers.<br \/>\n<strong>Smecta<\/strong> (diosmectite), embl\u00e9matique contre la<br \/>\ndiarrh\u00e9e, est critiqu\u00e9 pour son efficacit\u00e9 discutable et la<br \/>\npr\u00e9sence potentiellement toxique de plomb. C\u00f4t\u00e9 maux de gorge,<br \/>\nl\u2019alpha\u2011amylase de <strong>Maxilase<\/strong> expose \u00e0 des r\u00e9actions<br \/>\nallergiques. Pour la toux, plusieurs antitussifs sont \u00e0 \u00e9carter :<br \/>\noxom\u00e9mazine (Toplexil), ambroxol, bromhexine, pentoxyv\u00e9rine. Les<br \/>\nd\u00e9congestionnants du rhume par voie orale ou nasale (\u00e9ph\u00e9drine,<br \/>\npseudo\u00e9ph\u00e9drine, oxym\u00e9tazoline, etc.) posent un probl\u00e8me de risques<br \/>\ncardiovasculaires disproportionn\u00e9s.<\/p>\n<p>En douleur\u2011rhumatologie, certains AINS restent dans le viseur :<br \/>\ndiclof\u00e9nac, piroxicam, c\u00e9l\u00e9coxib, \u00e9toricoxib, k\u00e9toprof\u00e8ne en gel,<br \/>\nm\u00e9loxicam, t\u00e9noxicam. Quand le parac\u00e9tamol ne suffit pas, les<br \/>\noptions les moins \u00e0 risque sont l\u2019<strong>ibuprof\u00e8ne<\/strong> et le<br \/>\n<strong>naprox\u00e8ne<\/strong>, \u00e0 condition de bien ma\u00eetriser la<br \/>\nposologie et d\u2019\u00e9viter les prises en continu. Pour l\u2019arthrose,<br \/>\nchondro\u00eftine, glucosamine et diac\u00e9r\u00e9ine n\u2019apportent pas la preuve<br \/>\nattendue. La liste 2026 mentionne aussi les traitements d\u2019Alzheimer<br \/>\n(don\u00e9p\u00e9zil, galantamine, rivastigmine, m\u00e9mantine) et plusieurs<br \/>\nantid\u00e9presseurs, dont dulox\u00e9tine, venlafaxine, agom\u00e9latine,<br \/>\ncitalopram, escitalopram, tianeptine, sans oublier l\u2019\u00e9tifoxine.<\/p>\n<p>Que faire si votre m\u00e9dicament figure<br \/>\ndans la liste 2026 ?<\/p>\n<p>Commencez par v\u00e9rifier la d\u00e9nomination commune internationale<br \/>\n(DCI) indiqu\u00e9e sur votre bo\u00eete, car la liste Prescrire est class\u00e9e<br \/>\npar mol\u00e9cules, pas par noms de marque. Ne stoppez jamais un<br \/>\ntraitement sans avis m\u00e9dical. Le bon r\u00e9flexe consiste \u00e0 \u00e9changer<br \/>\navec votre m\u00e9decin ou votre pharmacien sur votre situation, vos<br \/>\nfacteurs de risque et les alternatives possibles, y compris non<br \/>\nm\u00e9dicamenteuses quand elles existent.<\/p>\n<p>Pour aller vite, suivez ces \u00e9tapes cl\u00e9s :<\/p>\n<ul>\n<li>Identifier la DCI exacte de votre m\u00e9dicament et la comparer \u00e0<br \/>\nla liste 2026.<\/li>\n<li>Prendre rendez\u2011vous pour discuter de la balance<br \/>\nb\u00e9n\u00e9fices\u2011risques dans votre cas.<\/li>\n<li>Demander quelles alternatives sont envisageables et comment<br \/>\norganiser une \u00e9ventuelle transition en s\u00e9curit\u00e9.<\/li>\n<\/ul>\n","protected":false},"excerpt":{"rendered":"M\u00e9dicaments \u00e0 \u00e9viter en 2026 : ce que change la liste noire Prescrire Mise \u00e0 jour de d\u00e9cembre&hellip;\n","protected":false},"author":2,"featured_media":627514,"comment_status":"","ping_status":"","sticky":false,"template":"","format":"standard","meta":{"footnotes":""},"categories":[10],"tags":[65467,5734,13041,13366,154,3026,7049,1011,27,72,4743,5110,16292,29776,378,73681,71,6013],"class_list":{"0":"post-627513","1":"post","2":"type-post","3":"status-publish","4":"format-standard","5":"has-post-thumbnail","7":"category-sante","8":"tag-65467","9":"tag-5734","10":"tag-a","11":"tag-dangereux","12":"tag-des","13":"tag-en","14":"tag-eviter","15":"tag-fr","16":"tag-france","17":"tag-health","18":"tag-la","19":"tag-liste","20":"tag-medicaments","21":"tag-noire","22":"tag-plus","23":"tag-quutiles","24":"tag-sante","25":"tag-voici"},"share_on_mastodon":{"url":"https:\/\/pubeurope.com\/@fr\/115802761314509510","error":""},"_links":{"self":[{"href":"https:\/\/www.europesays.com\/fr\/wp-json\/wp\/v2\/posts\/627513","targetHints":{"allow":["GET"]}}],"collection":[{"href":"https:\/\/www.europesays.com\/fr\/wp-json\/wp\/v2\/posts"}],"about":[{"href":"https:\/\/www.europesays.com\/fr\/wp-json\/wp\/v2\/types\/post"}],"author":[{"embeddable":true,"href":"https:\/\/www.europesays.com\/fr\/wp-json\/wp\/v2\/users\/2"}],"replies":[{"embeddable":true,"href":"https:\/\/www.europesays.com\/fr\/wp-json\/wp\/v2\/comments?post=627513"}],"version-history":[{"count":0,"href":"https:\/\/www.europesays.com\/fr\/wp-json\/wp\/v2\/posts\/627513\/revisions"}],"wp:featuredmedia":[{"embeddable":true,"href":"https:\/\/www.europesays.com\/fr\/wp-json\/wp\/v2\/media\/627514"}],"wp:attachment":[{"href":"https:\/\/www.europesays.com\/fr\/wp-json\/wp\/v2\/media?parent=627513"}],"wp:term":[{"taxonomy":"category","embeddable":true,"href":"https:\/\/www.europesays.com\/fr\/wp-json\/wp\/v2\/categories?post=627513"},{"taxonomy":"post_tag","embeddable":true,"href":"https:\/\/www.europesays.com\/fr\/wp-json\/wp\/v2\/tags?post=627513"}],"curies":[{"name":"wp","href":"https:\/\/api.w.org\/{rel}","templated":true}]}}