{"id":627529,"date":"2025-12-29T12:11:10","date_gmt":"2025-12-29T12:11:10","guid":{"rendered":"https:\/\/www.europesays.com\/fr\/627529\/"},"modified":"2025-12-29T12:11:10","modified_gmt":"2025-12-29T12:11:10","slug":"saint-etienne-que-faire-de-son-sapin-apres-les-fetes","status":"publish","type":"post","link":"https:\/\/www.europesays.com\/fr\/627529\/","title":{"rendered":"Saint-Etienne : que faire de son sapin apr\u00e8s les f\u00eates ?"},"content":{"rendered":"<p>No\u00ebl pass\u00e9, leurs \u00e9pines commencent \u00e0 tomber&#8230; La ville de Saint-Etienne collecte votre sapin de No\u00ebl afin de lui offrir une seconde vie.<\/p>\n<p>Pas question de les abandonner sur le trottoir&#8230; La ville de Saint-Etienne organise une collecte de sapins de No\u00ebl afin de les valoriser.<\/p>\n<p>33 points de collecte<\/p>\n<p>Vous avez jusqu&rsquo;au dimanche 25 janvier pour d\u00e9poser votre sapin (nu, sans d\u00e9coration) dans l&rsquo;un des 33 <a class=\"url\" href=\"https:\/\/www.saint-etienne.fr\/ou-recycler-votre-sapin\" target=\"_blank\" rel=\"noopener\">points de collecte<\/a> mis en place \u00e0 Saint-Etienne.\u00a0<br \/>Par la suite, ils seront broy\u00e9s puis utilis\u00e9s en <b>compost <\/b>ou en <b>paillage<\/b>.<\/p>\n<p>Les sapins peuvent \u00e9galement \u00eatre d\u00e9pos\u00e9es en <b>d\u00e9chetterie<\/b>. <\/p>\n<p>L&rsquo;an dernier, plus de 31 tonnes de sapins avaient \u00e9t\u00e9 collect\u00e9es puis valoris\u00e9es dans les plateformes de recyclage de Saint-Etienne M\u00e9tropole. <\/p>\n<p><img loading=\"lazy\" decoding=\"async\" src=\"https:\/\/www.europesays.com\/fr\/wp-content\/uploads\/2025\/12\/img.jpeg\" width=\"350\" height=\"200\" border=\"0\" title=\"Deux voitures sont entr\u00c3\u00a9es en collision frontale.\"\/><\/p>\n<p>\u25baFaits divers<\/p>\n<p style=\"font-size: 22px;\"><b>Cinq bless\u00e9s dans un accident pr\u00e8s de Roanne<\/b><\/p>\n<p>Un accident impliquant deux v\u00e9hicules s&rsquo;est produit&#8230;<\/p>\n<p><\/p>\n","protected":false},"excerpt":{"rendered":"No\u00ebl pass\u00e9, leurs \u00e9pines commencent \u00e0 tomber&#8230; La ville de Saint-Etienne collecte votre sapin de No\u00ebl afin de&hellip;\n","protected":false},"author":2,"featured_media":627530,"comment_status":"","ping_status":"","sticky":false,"template":"","format":"standard","meta":{"footnotes":""},"categories":[9653],"tags":[1111,11,2430,10957,3942,13037,1777,674,73683,1011,27,12,15830,25,4001,73492],"class_list":{"0":"post-627529","1":"post","2":"type-post","3":"status-publish","4":"format-standard","5":"has-post-thumbnail","7":"category-saint-etienne","8":"tag-actu","9":"tag-actualites","10":"tag-auvergne-rhone-alpes","11":"tag-collecte","12":"tag-compos","13":"tag-compost","14":"tag-eu","15":"tag-europe","16":"tag-ftes","17":"tag-fr","18":"tag-france","19":"tag-news","20":"tag-noel","21":"tag-republique-francaise","22":"tag-saint-etienne","23":"tag-sapins"},"share_on_mastodon":{"url":"https:\/\/pubeurope.com\/@fr\/115802792676540922","error":""},"_links":{"self":[{"href":"https:\/\/www.europesays.com\/fr\/wp-json\/wp\/v2\/posts\/627529","targetHints":{"allow":["GET"]}}],"collection":[{"href":"https:\/\/www.europesays.com\/fr\/wp-json\/wp\/v2\/posts"}],"about":[{"href":"https:\/\/www.europesays.com\/fr\/wp-json\/wp\/v2\/types\/post"}],"author":[{"embeddable":true,"href":"https:\/\/www.europesays.com\/fr\/wp-json\/wp\/v2\/users\/2"}],"replies":[{"embeddable":true,"href":"https:\/\/www.europesays.com\/fr\/wp-json\/wp\/v2\/comments?post=627529"}],"version-history":[{"count":0,"href":"https:\/\/www.europesays.com\/fr\/wp-json\/wp\/v2\/posts\/627529\/revisions"}],"wp:featuredmedia":[{"embeddable":true,"href":"https:\/\/www.europesays.com\/fr\/wp-json\/wp\/v2\/media\/627530"}],"wp:attachment":[{"href":"https:\/\/www.europesays.com\/fr\/wp-json\/wp\/v2\/media?parent=627529"}],"wp:term":[{"taxonomy":"category","embeddable":true,"href":"https:\/\/www.europesays.com\/fr\/wp-json\/wp\/v2\/categories?post=627529"},{"taxonomy":"post_tag","embeddable":true,"href":"https:\/\/www.europesays.com\/fr\/wp-json\/wp\/v2\/tags?post=627529"}],"curies":[{"name":"wp","href":"https:\/\/api.w.org\/{rel}","templated":true}]}}