{"id":62753,"date":"2025-04-29T21:21:09","date_gmt":"2025-04-29T21:21:09","guid":{"rendered":"https:\/\/www.europesays.com\/fr\/62753\/"},"modified":"2025-04-29T21:21:09","modified_gmt":"2025-04-29T21:21:09","slug":"attaque-de-prisons-qui-sont-les-premiers-suspects-interpelles","status":"publish","type":"post","link":"https:\/\/www.europesays.com\/fr\/62753\/","title":{"rendered":"Attaque de prisons\u00a0: qui sont les premiers suspects interpell\u00e9s\u00a0?"},"content":{"rendered":"<p>26. Une vingt-sixi\u00e8me personne a \u00e9t\u00e9 plac\u00e9e en garde \u00e0 vue mardi 29\u00a0avril 2025 matin apr\u00e8s avoir \u00e9t\u00e9 extraite de prison dans l\u2019enqu\u00eate sur les attaques myst\u00e9rieuses de prisons au nom d\u2019un groupe inconnu \u00ab\u00a0DDPF\u00a0\u00bb, a appris l\u2019AFP de source proche du dossier.<\/p>\n<p>Sollicit\u00e9, le Parquet national antiterroriste (Pnat), qui s\u2019est saisi de l\u2019enqu\u00eate en raison notamment du caract\u00e8re coordonn\u00e9 des actions, a confirm\u00e9 cette <strong>\u00ab\u00a0nouvelle interpellation ce (mardi) d\u2019une personne d\u00e9tenue, ce qui porte le bilan \u00e0 26\u00a0personnes interpell\u00e9es\u00a0\u00bb<\/strong>. <a href=\"https:\/\/rennes.maville.com\/actu\/actudet_-attaques-contre-les-prisons-25-personnes-interpellees-ce-lundi-_54135-6783874_actu.Htm\" target=\"_self\" rel=\"noopener\">La mesure coercitive visant les 25\u00a0personnes plac\u00e9es en garde \u00e0 vue d\u00e8s lundi a donc \u00e9t\u00e9 prolong\u00e9e<\/a>. Mais qui sont-ils\u00a0?<\/p>\n<p>Des petites mains recrut\u00e9es sur les r\u00e9seaux sociaux<\/p>\n<p>Selon des sources concordantes cit\u00e9es par <a href=\"https:\/\/www.leparisien.fr\/faits-divers\/attaques-contre-les-prisons-96-heures-pour-confirmer-lhypothese-doperations-coordonnees-par-des-narcotrafiquants-28-04-2025-LGHR46A6NVAIPGQL2OJWC7C6WY.php?ts=1745919576859\" target=\"_self\" rel=\"noopener\"> Le Parisien <\/a>, la plupart des personnes interpell\u00e9es sont<strong> \u00ab\u00a0des petites mains recrut\u00e9es sur les r\u00e9seaux sociaux\u00a0\u00bb.<\/strong> D\u2019apr\u00e8s <a href=\"https:\/\/www.francetvinfo.fr\/faits-divers\/attaques-contre-des-prisons\/info-franceinfo-attaques-contre-des-prisons-parmi-les-interpelles-un-homme-considere-comme-membre-de-l-organisation-criminelle-marseillaise-de-la-dz-mafia_7215867.html\" target=\"_self\" rel=\"noopener\"> Franceinfo <\/a>, au moins cinq des 25\u00a0personnes interpell\u00e9es sont des mineurs. <strong>\u00ab\u00a0Les interpellations ont eu lieu dans une douzaine de d\u00e9partements, dont une grosse majorit\u00e9 dans le Sud-Est\u00a0: Bouches-du-Rh\u00f4ne, Var, Vaucluse, H\u00e9rault, Is\u00e8re, Rh\u00f4ne, Dr\u00f4me, Lot-et-Garonne, o\u00f9 il y a eu une interpellation, ainsi qu\u2019en r\u00e9gion parisienne\u00a0: Seine-Saint-Denis, Seine-et-Marne\u00a0\u00bb<\/strong>.<\/p>\n<p>La majeure partie des 25\u00a0suspects sont connus de la justice pour des d\u00e9lits mineurs comme du trafic de stup\u00e9fiants. Certains \u00e9taient m\u00eame d\u00e9j\u00e0 en prison, d\u2019autres sous bracelet \u00e9lectronique.<\/p>\n<p>D\u2019apr\u00e8s les informations de Franceinfo, la 26e personne interpell\u00e9e est consid\u00e9r\u00e9e comme un membre de l\u2019organisation criminelle marseillaise de la <a href=\"https:\/\/rennes.maville.com\/actu\/actudet_--dz-mafia-vs-yoda-.-trois-choses-a-savoir-sur-ces-deux-gangs-de-trafiquants-en-guerre-a-marseille-_53546-5900647_actu.Htm\" target=\"_self\" rel=\"noopener\">DZ Mafia<\/a>. Il est mis en examen pour assassinat depuis 2023. Mais il n\u2019est pas le seul \u00e0 provenir de l\u2019organisation. Quatre individus seraient affili\u00e9s \u00e0 l\u2019organisation qui domine le trafic de drogue dans le sud-est de la France.<\/p>\n<p>Peu d\u2019informations sur l\u2019organisation r\u00e9elle de DDPF<\/p>\n<p>Les enqu\u00eateurs craignent toutefois de ne pas apprendre grand-chose de la part des suspects sur les d\u00e9tails de l\u2019organisation de cette myst\u00e9rieuse <a href=\"https:\/\/rennes.maville.com\/actu\/actudet_--ddpf-ou-droits-des-prisonniers-ce-mysterieux-groupe-qui-revendique-les-attaques-des-prisons-_54135-6769150_actu.Htm\" target=\"_self\" rel=\"noopener\">DDPF (D\u00e9fense des prisonniers fran\u00e7ais)<\/a>, qui signe les d\u00e9gradations constat\u00e9es et diffuse des messages sur une boucle Telegram. La police pense que la plupart des interpell\u00e9s ne connaissent sans doute pas l\u2019identit\u00e9 de leurs employeurs.<\/p>\n<p>Toutefois, de nombreux t\u00e9l\u00e9phones saisis ce lundi pourraient, eux, permettre de remonter jusqu\u2019\u00e0 des commanditaires et confirmer l\u2019implication de trafiquants de haut niveau, indique Le Parisien.\u00a0Les gardes \u00e0 vue peuvent durer jusqu\u2019\u00e0 96\u00a0heures.<\/p>\n<p>Cette vaste op\u00e9ration d\u2019arrestations intervient alors que l\u2019Assembl\u00e9e nationale s\u2019appr\u00eate ce mardi, apr\u00e8s le S\u00e9nat lundi, \u00e0 voter une proposition de loi destin\u00e9e \u00e0 renforcer la lutte contre les narcotrafiquants pour une adoption d\u00e9finitive.<\/p>\n<p>Que s\u2019est-il pass\u00e9 entre le 13 et le 21\u00a0avril\u00a0?<\/p>\n<p><a href=\"https:\/\/rennes.maville.com\/actu\/actudet_-attaques-contre-des-prisons-ou-en-est-on-apres-dix-jours-sous-haute-tension-_54135-6777549_actu.Htm\" target=\"_self\" rel=\"noopener\">Le Pnat recense une quinzaine de faits entre le 13 et le 21\u00a0avril,<\/a> mais d\u2019autres attaques ont vis\u00e9 d\u2019autres \u00e9tablissements p\u00e9nitentiaires, sans que des <strong>\u00ab\u00a0liens\u00a0\u00bb<\/strong> puissent<strong> \u00ab\u00a0n\u00e9cessairement\u00a0\u00bb<\/strong> \u00eatre \u00e9tablis <strong>\u00ab\u00a0\u00e0 ce stade\u00a0\u00bb<\/strong> avec cette enqu\u00eate, a soulign\u00e9 le Pnat, qui a \u00e9t\u00e9 n\u00e9anmoins avis\u00e9 par les parquets locaux, indique l\u2019AFP.<\/p>\n<p>Le 13\u00a0avril \u00e0 Agen \u00e9tait apparu pour la premi\u00e8re fois le tag \u00ab\u00a0DDPF\u00a0\u00bb pr\u00e8s de sept voitures incendi\u00e9es sur le parking de l\u2019\u00c9cole nationale de l\u2019administration p\u00e9nitentiaire (Enap). S\u2019en \u00e9tait suivie une s\u00e9rie d\u2019incendies de voitures de personnels p\u00e9nitentiaires un peu partout en France, des tirs de mortiers d\u2019artifices sur des prisons, voire des tirs de kalachnikov comme \u00e0 Toulon.<\/p>\n<p>Le Pnat s\u2019est saisi de ces faits, ainsi que des tirs par arme \u00e0 feu et des jets de deux cocktails Molotov ayant vis\u00e9 le 21\u00a0avril un lotissement \u00e0 Villefontaine (Is\u00e8re) o\u00f9 r\u00e9sident des agents p\u00e9nitentiaires, non loin de la prison de Saint-Quentin-Fallavier. Des tags \u00ab\u00a0DDPF\u00a0\u00bb avaient \u00e9galement \u00e9t\u00e9 retrouv\u00e9s.<\/p>\n<p>\u00a0<\/p>\n","protected":false},"excerpt":{"rendered":"26. Une vingt-sixi\u00e8me personne a \u00e9t\u00e9 plac\u00e9e en garde \u00e0 vue mardi 29\u00a0avril 2025 matin apr\u00e8s avoir \u00e9t\u00e9&hellip;\n","protected":false},"author":2,"featured_media":62754,"comment_status":"","ping_status":"","sticky":false,"template":"","format":"standard","meta":{"footnotes":""},"categories":[9619],"tags":[1111,11,834,1777,674,1011,27,9690,12,899,882,25,16069,2310],"class_list":{"0":"post-62753","1":"post","2":"type-post","3":"status-publish","4":"format-standard","5":"has-post-thumbnail","7":"category-toulon","8":"tag-actu","9":"tag-actualites","10":"tag-attaque","11":"tag-eu","12":"tag-europe","13":"tag-fr","14":"tag-france","15":"tag-interpelles","16":"tag-news","17":"tag-prisons","18":"tag-provence-alpes-cote-dazur","19":"tag-republique-francaise","20":"tag-suspects","21":"tag-toulon"},"share_on_mastodon":{"url":"https:\/\/pubeurope.com\/@fr\/114423351494564681","error":""},"_links":{"self":[{"href":"https:\/\/www.europesays.com\/fr\/wp-json\/wp\/v2\/posts\/62753","targetHints":{"allow":["GET"]}}],"collection":[{"href":"https:\/\/www.europesays.com\/fr\/wp-json\/wp\/v2\/posts"}],"about":[{"href":"https:\/\/www.europesays.com\/fr\/wp-json\/wp\/v2\/types\/post"}],"author":[{"embeddable":true,"href":"https:\/\/www.europesays.com\/fr\/wp-json\/wp\/v2\/users\/2"}],"replies":[{"embeddable":true,"href":"https:\/\/www.europesays.com\/fr\/wp-json\/wp\/v2\/comments?post=62753"}],"version-history":[{"count":0,"href":"https:\/\/www.europesays.com\/fr\/wp-json\/wp\/v2\/posts\/62753\/revisions"}],"wp:featuredmedia":[{"embeddable":true,"href":"https:\/\/www.europesays.com\/fr\/wp-json\/wp\/v2\/media\/62754"}],"wp:attachment":[{"href":"https:\/\/www.europesays.com\/fr\/wp-json\/wp\/v2\/media?parent=62753"}],"wp:term":[{"taxonomy":"category","embeddable":true,"href":"https:\/\/www.europesays.com\/fr\/wp-json\/wp\/v2\/categories?post=62753"},{"taxonomy":"post_tag","embeddable":true,"href":"https:\/\/www.europesays.com\/fr\/wp-json\/wp\/v2\/tags?post=62753"}],"curies":[{"name":"wp","href":"https:\/\/api.w.org\/{rel}","templated":true}]}}