{"id":627531,"date":"2025-12-29T12:12:11","date_gmt":"2025-12-29T12:12:11","guid":{"rendered":"https:\/\/www.europesays.com\/fr\/627531\/"},"modified":"2025-12-29T12:12:11","modified_gmt":"2025-12-29T12:12:11","slug":"saint-etienne-frayeur-dans-ce-quartier-un-bus-stas-cible-dun-guet-apens-une-attaque-lache","status":"publish","type":"post","link":"https:\/\/www.europesays.com\/fr\/627531\/","title":{"rendered":"Saint-\u00c9tienne. Frayeur dans ce quartier, un bus STAS cible d&rsquo;un guet-apens : \u00ab\u00a0Une attaque l\u00e2che\u00a0\u00bb"},"content":{"rendered":"<p>                    Par<br \/>\n        <strong><br \/>\n            <a href=\"https:\/\/actu.fr\/auteur\/julien-sournies\" title=\"Consulter tous les articles de Julien Sournies\" target=\"_blank\" rel=\"noopener\">Julien Sournies<\/a><br \/>\n                    <\/strong><\/p>\n<p>        Publi\u00e9 le<\/p>\n<p>            29 d\u00e9c. 2025 \u00e0 11h45        <\/p>\n<p>Une grosse frayeur les a gagn\u00e9s. Ce samedi 27\u00a0d\u00e9cembre 2025 dans l\u2019apr\u00e8s-midi, <strong>un guet-apens a \u00e9t\u00e9 tendu \u00e0 l\u2019encontre d\u2019un bus STAS<\/strong> en plein service dans le quartier Montreynaud \u00e0 <a href=\"https:\/\/actu.fr\/saint-etienne\/\" target=\"_blank\" rel=\"noopener\">Saint-\u00c9tienne<\/a> (<a href=\"https:\/\/actu.fr\/auvergne-rhone-alpes\/loire_42\" target=\"_blank\" rel=\"noopener\">Loire<\/a>).<\/p>\n<p class=\" wall-content\">Pour ce faire, des poubelles ont \u00e9t\u00e9 install\u00e9es de part et d\u2019autre de la chauss\u00e9e afin d\u2019obliger le chauffeur \u00e0 s\u2019arr\u00eater.<\/p>\n<p>\u00ab\u2009Un agissement l\u00e2che et imb\u00e9cile\u2009\u00bb<\/p>\n<p class=\" wall-content\">Ce dernier a ensuit\u00e9 essuy\u00e9 de<strong> nombreux jets de pierres<\/strong>, lesquels ont notamment endommag\u00e9 une fen\u00eatre du v\u00e9hicule. Malgr\u00e9 tout, le conducteur est finalement parvenu \u00e0 s\u2019extirper du pi\u00e8ge avant de reprendre sa route.<\/p>\n<p class=\" wall-content\">Dans un communiqu\u00e9 de presse transmis aux r\u00e9dactions, le <a href=\"https:\/\/actu.fr\/auvergne-rhone-alpes\/saint-etienne_42218\/demission-de-perdriau-le-nom-du-nouveau-maire-de-saint-etienne-officiellement-connu_63564418.html\" target=\"_blank\" rel=\"noopener\">nouveau maire de Saint-\u00c9tienne, Jean-Pierre Berger<\/a>, a apport\u00e9 son soutien au chauffeur du bus et aux passagers, condamnant par ailleurs avec la \u00ab\u2009plus grande fermet\u00e9 l\u2019acte de violence dont ils ont \u00e9t\u00e9 victimes\u2009\u00bb.<\/p>\n<blockquote class=\"ac-article-quote wall-content\">\n<p>S\u2019attaquer aux transports en commun qui rendent un service public \u00e0 la population est un agissement l\u00e2che et imb\u00e9cile [&#8230;] Cet acte de violence visant un bus de la STAS rappelle que la s\u00e9curit\u00e9 des transports publics est un sujet important et prioritaire.<\/p>\n<p>    <strong>Jean-Pierre Berger<\/strong><br \/>\n        Maire de Saint-Etienne    <\/p><\/blockquote>\n<p class=\" wall-content\">Pour l\u2019heure, les auteurs de ce guet-apens n\u2019ont <strong>toujours pas \u00e9t\u00e9 identifi\u00e9s<\/strong> par la police nationale, en charge de l\u2019enqu\u00eate. \u00ab\u2009Ils pourront s\u2019appuyer pour cela sur le dispositif de vid\u00e9oprotection de la ville de Saint-Etienne\u2009\u00bb, assure le premier \u00e9dile st\u00e9phanois.<\/p>\n<p>Une mesure prise pour renforcer la s\u00e9curit\u00e9<\/p>\n<p class=\" wall-content\">\u00ab\u2009Le caillassage d\u2019un de nos bus, sans raison, dans l\u2019unique but d\u2019endommager un v\u00e9hicule de la STAS et de blesser, est d\u2019une extr\u00eame gravit\u00e9\u2009\u00bb, a d\u00e9clar\u00e9 de son c\u00f4t\u00e9 Sylvie Fayolle, pr\u00e9sidente de Saint-Etienne M\u00e9tropole.<\/p>\n<p>Votre r\u00e9gion, votre actu !<\/p>\n<p>Recevez chaque jour les infos qui comptent pour vous.<\/p>\n<p>\t<a href=\"https:\/\/actu.fr\/newsletter\" class=\"ac-btn ac-btn--corner ac-btn--medium ac-btn--blue800\" target=\"_blank\" rel=\"noopener\">S&rsquo;incrire<\/a><\/p>\n<blockquote class=\"ac-article-quote wall-content\">\n<p>J\u2019esp\u00e8re que les auteurs de ce guet-apens seront rapidement identifi\u00e9s, interpell\u00e9s et s\u00e9v\u00e8rement condamn\u00e9s [&#8230;] Les agents de la STAS peuvent compter sur moi pour \u00eatre \u00e0 leurs c\u00f4t\u00e9s et pour renforcer la s\u00e9curit\u00e9 dans nos transports m\u00e9tropolitains.<\/p>\n<p>    <strong>Sylvie Fayolle<\/strong><br \/>\n        Pr\u00e9sidente de Saint-Etienne M\u00e9tropole    <\/p><\/blockquote>\n<p class=\" wall-content\">Face \u00e0 cette \u00ab\u2009attaque l\u00e2che\u2009\u00bb, la pr\u00e9sidente de SEM indique \u00e9galement qu\u2019un <strong>conseiller d\u00e9l\u00e9gu\u00e9 \u00e0 la s\u00e9curit\u00e9 au transport<\/strong> aupr\u00e8s du vice-pr\u00e9sident sera nomm\u00e9 d\u00e8s le d\u00e9but de l\u2019ann\u00e9e prochaine.<\/p>\n<p class=\" wall-content\">Personnalisez votre actualit\u00e9 en ajoutant vos villes et m\u00e9dias en favori avec <a href=\"https:\/\/moncompte.actu.fr\" title=\"D\u00e9couvez Mon Actu\" rel=\"nofollow noopener\" data-trk=\"{&quot;cta&quot;:{&quot;action&quot;:&quot;https:\\\/\\\/moncompte.actu.fr&quot;,&quot;category&quot;:&quot;mon compte&quot;,&quot;from&quot;:&quot;article footer&quot;,&quot;name&quot;:&quot;Mon actu&quot;,&quot;type&quot;:&quot;cta&quot;}}\" target=\"_blank\">Mon Actu<\/a>.<\/p>\n","protected":false},"excerpt":{"rendered":"Par Julien Sournies Publi\u00e9 le 29 d\u00e9c. 2025 \u00e0 11h45 Une grosse frayeur les a gagn\u00e9s. Ce samedi&hellip;\n","protected":false},"author":2,"featured_media":627532,"comment_status":"","ping_status":"","sticky":false,"template":"","format":"standard","meta":{"footnotes":""},"categories":[9653],"tags":[1111,11,2430,1777,674,118,1011,27,12,25,4001,25515],"class_list":{"0":"post-627531","1":"post","2":"type-post","3":"status-publish","4":"format-standard","5":"has-post-thumbnail","7":"category-saint-etienne","8":"tag-actu","9":"tag-actualites","10":"tag-auvergne-rhone-alpes","11":"tag-eu","12":"tag-europe","13":"tag-faits-divers","14":"tag-fr","15":"tag-france","16":"tag-news","17":"tag-republique-francaise","18":"tag-saint-etienne","19":"tag-societe-de-transport-de-lagglomeration-stephanoise-stas"},"share_on_mastodon":{"url":"https:\/\/pubeurope.com\/@fr\/115802796537941973","error":""},"_links":{"self":[{"href":"https:\/\/www.europesays.com\/fr\/wp-json\/wp\/v2\/posts\/627531","targetHints":{"allow":["GET"]}}],"collection":[{"href":"https:\/\/www.europesays.com\/fr\/wp-json\/wp\/v2\/posts"}],"about":[{"href":"https:\/\/www.europesays.com\/fr\/wp-json\/wp\/v2\/types\/post"}],"author":[{"embeddable":true,"href":"https:\/\/www.europesays.com\/fr\/wp-json\/wp\/v2\/users\/2"}],"replies":[{"embeddable":true,"href":"https:\/\/www.europesays.com\/fr\/wp-json\/wp\/v2\/comments?post=627531"}],"version-history":[{"count":0,"href":"https:\/\/www.europesays.com\/fr\/wp-json\/wp\/v2\/posts\/627531\/revisions"}],"wp:featuredmedia":[{"embeddable":true,"href":"https:\/\/www.europesays.com\/fr\/wp-json\/wp\/v2\/media\/627532"}],"wp:attachment":[{"href":"https:\/\/www.europesays.com\/fr\/wp-json\/wp\/v2\/media?parent=627531"}],"wp:term":[{"taxonomy":"category","embeddable":true,"href":"https:\/\/www.europesays.com\/fr\/wp-json\/wp\/v2\/categories?post=627531"},{"taxonomy":"post_tag","embeddable":true,"href":"https:\/\/www.europesays.com\/fr\/wp-json\/wp\/v2\/tags?post=627531"}],"curies":[{"name":"wp","href":"https:\/\/api.w.org\/{rel}","templated":true}]}}