{"id":627533,"date":"2025-12-29T12:13:29","date_gmt":"2025-12-29T12:13:29","guid":{"rendered":"https:\/\/www.europesays.com\/fr\/627533\/"},"modified":"2025-12-29T12:13:29","modified_gmt":"2025-12-29T12:13:29","slug":"gagnez-vos-places-pour-la-piece-les-grands-enfants-a-ludres","status":"publish","type":"post","link":"https:\/\/www.europesays.com\/fr\/627533\/","title":{"rendered":"Gagnez vos places pour la pi\u00e8ce \u00ab\u00a0Les Grands Enfants\u00a0\u00bb \u00e0 Ludres"},"content":{"rendered":"\n<p>Vendredi 16 janvier \u00e0 20h \u00e0 l\u2019espace Chaudeau de Ludres, Magnum vous invite \u00e0 la pi\u00e8ce de th\u00e9\u00e2tre \u00ab Les Grands Enfants \u00bb avec Eric Laug\u00e9rias et Fr\u00e9d\u00e9ric Bouraly.<\/p>\n<p>Une com\u00e9die sur les parents, les enfants, les amis. Sami et Thomas sont les meilleurs amis du monde depuis toujours, \u00e0 tel point que leurs enfants respectifs, se sont mari\u00e9s ensemble.<\/p>\n<p>Un vrai bonheur, qu\u2019une grande nouvelle vient bousculer&#8230;<\/p>\n<p>Gagnez vos 2 invitations.<\/p>\n","protected":false},"excerpt":{"rendered":"Vendredi 16 janvier \u00e0 20h \u00e0 l\u2019espace Chaudeau de Ludres, Magnum vous invite \u00e0 la pi\u00e8ce de th\u00e9\u00e2tre&hellip;\n","protected":false},"author":2,"featured_media":627534,"comment_status":"","ping_status":"","sticky":false,"template":"","format":"standard","meta":{"footnotes":""},"categories":[9635],"tags":[1111,11,2389,73685,73686,1777,674,1011,27,57040,775,30237,73684,11413,73687,71518,3457,1702,12,15459,25,1347,774],"class_list":{"0":"post-627533","1":"post","2":"type-post","3":"status-publish","4":"format-standard","5":"has-post-thumbnail","7":"category-nancy","8":"tag-actu","9":"tag-actualites","10":"tag-alsace","11":"tag-eric-laugerias","12":"tag-espace-chaudeau","13":"tag-eu","14":"tag-europe","15":"tag-fr","16":"tag-france","17":"tag-frederic-bouraly","18":"tag-grand-est","19":"tag-haute-marne","20":"tag-les-grands-enfants","21":"tag-ludres","22":"tag-magnum","23":"tag-magnum-la-radio","24":"tag-meurthe-et-moselle","25":"tag-nancy","26":"tag-news","27":"tag-piece","28":"tag-republique-francaise","29":"tag-theatre","30":"tag-vosges"},"share_on_mastodon":{"url":"https:\/\/pubeurope.com\/@fr\/115802800587780685","error":""},"_links":{"self":[{"href":"https:\/\/www.europesays.com\/fr\/wp-json\/wp\/v2\/posts\/627533","targetHints":{"allow":["GET"]}}],"collection":[{"href":"https:\/\/www.europesays.com\/fr\/wp-json\/wp\/v2\/posts"}],"about":[{"href":"https:\/\/www.europesays.com\/fr\/wp-json\/wp\/v2\/types\/post"}],"author":[{"embeddable":true,"href":"https:\/\/www.europesays.com\/fr\/wp-json\/wp\/v2\/users\/2"}],"replies":[{"embeddable":true,"href":"https:\/\/www.europesays.com\/fr\/wp-json\/wp\/v2\/comments?post=627533"}],"version-history":[{"count":0,"href":"https:\/\/www.europesays.com\/fr\/wp-json\/wp\/v2\/posts\/627533\/revisions"}],"wp:featuredmedia":[{"embeddable":true,"href":"https:\/\/www.europesays.com\/fr\/wp-json\/wp\/v2\/media\/627534"}],"wp:attachment":[{"href":"https:\/\/www.europesays.com\/fr\/wp-json\/wp\/v2\/media?parent=627533"}],"wp:term":[{"taxonomy":"category","embeddable":true,"href":"https:\/\/www.europesays.com\/fr\/wp-json\/wp\/v2\/categories?post=627533"},{"taxonomy":"post_tag","embeddable":true,"href":"https:\/\/www.europesays.com\/fr\/wp-json\/wp\/v2\/tags?post=627533"}],"curies":[{"name":"wp","href":"https:\/\/api.w.org\/{rel}","templated":true}]}}