{"id":627535,"date":"2025-12-29T12:14:14","date_gmt":"2025-12-29T12:14:14","guid":{"rendered":"https:\/\/www.europesays.com\/fr\/627535\/"},"modified":"2025-12-29T12:14:14","modified_gmt":"2025-12-29T12:14:14","slug":"nancy-apres-un-burn-out-elle-fait-de-la-photographie-culinaire-un-metier-de-passion","status":"publish","type":"post","link":"https:\/\/www.europesays.com\/fr\/627535\/","title":{"rendered":"Nancy. Apr\u00e8s un burn-out, elle fait de la photographie culinaire un m\u00e9tier de passion"},"content":{"rendered":"<p>Originaire de Bordeaux, Cindy Collineau a toujours eu un lien particulier avec la gastronomie.\u00a0Durant quinze ans, elle occupe un poste d\u2019assistante de direction au sein d\u2019un grand \u00e9tablissement bancaire dans le sud ouest de la France, compl\u00e9t\u00e9 par une exp\u00e9rience solide dans la communication et l\u2019\u00e9v\u00e9nementiel.<\/p>\n<p>Mais en 2019 apr\u00e8s <a href=\"https:\/\/www.estrepublicain.fr\/actualite\/2014\/01\/22\/comment-reperer-les-symptomes-du-burn-out\" target=\"_blank\" rel=\"noopener\">un burn-out<\/a>, sa trajectoire bifurque. Durant sa convalescence, ses proches l\u2019encouragent\u00a0: \u00ab\u00a0Tu devrais faire quelque chose autour de la cuisine, toi qui en es passionn\u00e9e\u00a0\u00bb, lui disent-ils.\u00a0Le d\u00e9clic survient lors d\u2019un voyage en train, en \u00e9coutant un podcast consacr\u00e9 \u00e0 la photographie culinaire. \u00ab\u00a0J\u2019ai \u00e9t\u00e9 saisie, c\u2019\u00e9tait exactement ce que je voulais faire\u00a0\u00bb, se souvient-elle.<\/p>\n<p>Un studio \u00e0 son domicile<\/p>\n<p>Elle d\u00e9cide de faire de son appareil photo un outil de travail, quand elle l\u2019utilisait jusque-l\u00e0 en amateur.\u00a0Depuis cinq ans, Cindy Collineau s\u2019est form\u00e9e et continue sans cesse de le faire. Install\u00e9e \u00e0 Nancy en 2020 avec sa famille, elle a m\u00eame am\u00e9nag\u00e9 un studio professionnel, \u00e0 son domicile.<\/p>\n<p>La photographe se d\u00e9place aussi \u00e0 travers toute la France, qu\u2019il s\u2019agisse de valoriser une coop\u00e9rative vigneronne, de photographier des plats d\u2019un restaurant \u00e0 Metz, ou des arts de la table.<\/p>\n<p>  \u00ab\u00a0Je trouve incroyable tout ce que la nature produit\u00a0\u00bb<\/p>\n<p>Si elle travaille pour la restauration rapide afin de booster leur visibilit\u00e9 commerciale, son c\u0153ur de m\u00e9tier bat pour le produit brut.\u00a0C\u2019est ce qu\u2019elle aime principalement mettre en valeur. \u00ab\u00a0Je suis subjugu\u00e9e par la diversit\u00e9 et l\u2019abondance de ce que la nature nous propose, j\u2019ai une passion particuli\u00e8re pour les fruits et l\u00e9gumes\u00a0\u00bb, explique-t-elle avec enthousiasme.<\/p>\n<p>\u00ab\u00a0Une asperge, un artichaut, un pleurote me fascinent par leur beaut\u00e9. Je trouve incroyable tout ce que la nature produit, insiste-t-elle. Ce que je veux, c\u2019est mettre en valeur le travail du producteur au consommateur.\u00a0\u00bb<\/p>\n<p>Elle a r\u00e9cemment remport\u00e9 deux prix au 16 e Festival international de la photographie culinaire.<\/p>\n<p class=\"note\">L\u2019ensemble de son travail est \u00e0 d\u00e9couvrir sur Instagram (cindy.collineau) ou son site internet (cindycollineau.com).<\/p>\n","protected":false},"excerpt":{"rendered":"Originaire de Bordeaux, Cindy Collineau a toujours eu un lien particulier avec la gastronomie.\u00a0Durant quinze ans, elle occupe&hellip;\n","protected":false},"author":2,"featured_media":627536,"comment_status":"","ping_status":"","sticky":false,"template":"","format":"standard","meta":{"footnotes":""},"categories":[9635],"tags":[1111,11,1687,1704,1777,674,1011,27,775,1702,1703,12,25],"class_list":{"0":"post-627535","1":"post","2":"type-post","3":"status-publish","4":"format-standard","5":"has-post-thumbnail","7":"category-nancy","8":"tag-actu","9":"tag-actualites","10":"tag-culture-loisirs","11":"tag-edition-nancy-et-agglomeration","12":"tag-eu","13":"tag-europe","14":"tag-fr","15":"tag-france","16":"tag-grand-est","17":"tag-nancy","18":"tag-nancy-ville-54b","19":"tag-news","20":"tag-republique-francaise"},"share_on_mastodon":{"url":"https:\/\/pubeurope.com\/@fr\/115802804454161162","error":""},"_links":{"self":[{"href":"https:\/\/www.europesays.com\/fr\/wp-json\/wp\/v2\/posts\/627535","targetHints":{"allow":["GET"]}}],"collection":[{"href":"https:\/\/www.europesays.com\/fr\/wp-json\/wp\/v2\/posts"}],"about":[{"href":"https:\/\/www.europesays.com\/fr\/wp-json\/wp\/v2\/types\/post"}],"author":[{"embeddable":true,"href":"https:\/\/www.europesays.com\/fr\/wp-json\/wp\/v2\/users\/2"}],"replies":[{"embeddable":true,"href":"https:\/\/www.europesays.com\/fr\/wp-json\/wp\/v2\/comments?post=627535"}],"version-history":[{"count":0,"href":"https:\/\/www.europesays.com\/fr\/wp-json\/wp\/v2\/posts\/627535\/revisions"}],"wp:featuredmedia":[{"embeddable":true,"href":"https:\/\/www.europesays.com\/fr\/wp-json\/wp\/v2\/media\/627536"}],"wp:attachment":[{"href":"https:\/\/www.europesays.com\/fr\/wp-json\/wp\/v2\/media?parent=627535"}],"wp:term":[{"taxonomy":"category","embeddable":true,"href":"https:\/\/www.europesays.com\/fr\/wp-json\/wp\/v2\/categories?post=627535"},{"taxonomy":"post_tag","embeddable":true,"href":"https:\/\/www.europesays.com\/fr\/wp-json\/wp\/v2\/tags?post=627535"}],"curies":[{"name":"wp","href":"https:\/\/api.w.org\/{rel}","templated":true}]}}