{"id":627545,"date":"2025-12-29T12:19:17","date_gmt":"2025-12-29T12:19:17","guid":{"rendered":"https:\/\/www.europesays.com\/fr\/627545\/"},"modified":"2025-12-29T12:19:17","modified_gmt":"2025-12-29T12:19:17","slug":"bars-fermes-etat-des-bus-anniversaire-des-dragons-le-recap-de-lactu-de-la-semaine-a-rouen","status":"publish","type":"post","link":"https:\/\/www.europesays.com\/fr\/627545\/","title":{"rendered":"Bars ferm\u00e9s, \u00e9tat des bus, anniversaire des Dragons&#8230; Le r\u00e9cap&rsquo; de l&rsquo;actu de la semaine \u00e0 Rouen"},"content":{"rendered":"<p>                    Par<br \/>\n        <strong><br \/>\n            <a href=\"https:\/\/actu.fr\/auteur\/fmass\" title=\"Consulter tous les articles de Fabien Massin\" target=\"_blank\" rel=\"noopener\">Fabien Massin<\/a><br \/>\n                    <\/strong><\/p>\n<p>        Publi\u00e9 le<\/p>\n<p>            28 d\u00e9c. 2025 \u00e0 16h17        <\/p>\n<p>Vous n\u2019\u00e9tiez-vous pas \u00e0 <a href=\"https:\/\/actu.fr\/normandie\/rouen_76540\" target=\"_blank\" rel=\"noopener\">Rouen (Seine-Maritime)<\/a> au cours de la semaine de No\u00ebl et vous vous voulez retrouver ce qui a fait l\u2019actu dans la capitale normande ? Pas de probl\u00e8me on rembobine le fil de l\u2019actu avec le r\u00e9cap\u2019 hebdomadaire.\u00a0<\/p>\n<p>Les infos de la semaine \u00e0 Rouen\u00a0<\/p>\n<p class=\"expresso-item wall-content\"><a title=\"Lire l&#039;article\" href=\"https:\/\/actu.fr\/normandie\/rouen_76540\/hockey-sur-glace-les-dragons-de-rouen-soufflent-leurs-55-bougies-avec-une-belle-victoire-contre-marseille_63609586.html\" target=\"_blank\" rel=\"noopener\"><strong>Hockey sur glace. Les Dragons de Rouen soufflent leurs 55 bougies avec une belle victoire contre Marseille<\/strong><\/a><br \/>Forts de ce nouveau succ\u00e8s, dimanche 21 d\u00e9cembre 2025, face aux Spartiates de Marseille (5-2), les Dragons de Rouen sont \u00e0 nouveaux seuls leaders de Ligue Magnus.<\/p>\n<p class=\"expresso-item wall-content\"><a title=\"Lire l&#039;article\" href=\"https:\/\/actu.fr\/normandie\/rouen_76540\/on-met-les-passagers-en-danger-un-conducteur-alerte-sur-l-etat-des-bus-a-rouen-transdev-replique_63590381.html\" target=\"_blank\" rel=\"noopener\"><strong>\u00ab\u00a0On met les passagers en danger\u00a0\u00bb : un conducteur alerte sur l\u2019\u00e9tat des bus \u00e0 Rouen, Transdev r\u00e9plique<\/strong><\/a><br \/>Conducteur de bus depuis trois ans \u00e0 Rouen (Seine-Maritime), Laurent* alerte de nouveau sur l\u2019\u00e9tat des v\u00e9hicules en circulation, quelques mois apr\u00e8s nos r\u00e9v\u00e9lations. Pr\u00e9cisions.<\/p>\n<p class=\"expresso-item wall-content\"><a title=\"Lire l&#039;article\" href=\"https:\/\/actu.fr\/normandie\/rouen_76540\/la-prefecture-fait-elle-vraiment-la-chasse-aux-bars-et-discotheques-de-rouen-en-cette-fin-d-annee_63615271.html\" target=\"_blank\" rel=\"noopener\"><strong>La pr\u00e9fecture fait-elle vraiment la chasse aux bars et discoth\u00e8ques de Rouen en cette fin d\u2019ann\u00e9e ?<\/strong><\/a><br \/>Apr\u00e8s les fermetures administratives successives de plusieurs bars et une bo\u00eete de nuit de Rouen, on peut se demander si la pr\u00e9fecture ne fait pas la chasse \u00e0 la f\u00eate.<\/p>\n<p class=\"expresso-item wall-content\"><a title=\"Lire l&#039;article\" href=\"https:\/\/actu.fr\/normandie\/rouen_76540\/a-rouen-et-bois-guillaume-les-urgences-sont-sous-tension-et-en-appellent-a-la-responsabilite-des-usagers_63620346.html\" target=\"_blank\" rel=\"noopener\"><strong>\u00c0 Rouen et Bois-Guillaume, les urgences sont sous tension et en appellent \u00e0 la responsabilit\u00e9 des usagers<\/strong><\/a><br \/>Au CHU de Rouen et \u00e0 la clinique du C\u00e8dre, les urgences font face \u00e0 des difficult\u00e9s. Il est donc demand\u00e9 aux patients d\u2019adopter les bons r\u00e9flexes avant de s\u2019y rendre.<\/p>\n<p class=\"expresso-item wall-content\"><a title=\"Lire l&#039;article\" href=\"https:\/\/actu.fr\/normandie\/rouen_76540\/les-salaries-des-patisseries-yvonne-de-rouen-toujours-dans-le-flou-des-gens-pleurent-tous-les-jours_63519331.html\" target=\"_blank\" rel=\"noopener\"><strong>Les salari\u00e9s des p\u00e2tisseries Yvonne de Rouen toujours dans le flou : \u00ab Des gens pleurent tous les jours \u00bb<\/strong><\/a><br \/>L\u2019enseigne de boulangeries-p\u00e2tisseries Yvonne, fond\u00e9e \u00e0 Rouen, reste dans une situation critique. En interne, la soci\u00e9t\u00e9 se r\u00e9organise. Mais les salari\u00e9s restent inquiets.<\/p>\n<p>Bon \u00e0 savoir \u00e0 Rouen<\/p>\n<p class=\"expresso-item wall-content\"><a title=\"Lire l&#039;article\" href=\"https:\/\/actu.fr\/normandie\/rouen_76540\/rouen-la-ligne-de-t4-va-etre-prolongee-jusqu-a-la-zone-du-madrilet-voici-quand_63623570.html\" target=\"_blank\" rel=\"noopener\"><strong>Rouen. La ligne de T4 va \u00eatre prolong\u00e9e jusqu\u2019\u00e0 la zone du Madrilet : voici quand<\/strong><\/a><br \/>\u00c0 Rouen (Seine-Maritime), la ligne de Teor T4 va \u00eatre prolong\u00e9e \u00e0 partir du 5 janvier 2026 jusqu\u2019\u00e0 la zone d\u2019activit\u00e9s du Madrillet. Pr\u00e9cisions.<\/p>\n<p class=\"expresso-item wall-content\"><a title=\"Lire l&#039;article\" href=\"https:\/\/actu.fr\/normandie\/rouen_76540\/que-faire-pendant-les-vacances-de-noel-a-rouen-nos-idees-de-sorties-en-famille-ou-entre-amis_63595002.html\" target=\"_blank\" rel=\"noopener\"><strong>Que faire ces prochains jours \u00e0 Rouen ? Voici nos id\u00e9es de sorties en famille ou entre amis<\/strong><\/a><br \/>Une s\u00e9lection de bons plans et d\u2019id\u00e9es de sorties afin que vous occupiez pleinement vos vacances de No\u00ebl 2025 \u00e0 Rouen (Seine-Maritime). Joyeuses f\u00eates de fin d\u2019ann\u00e9e\u2009!<\/p>\n<p class=\"expresso-item wall-content\"><a title=\"Lire l&#039;article\" href=\"https:\/\/actu.fr\/normandie\/le-havre_76351\/plutot-rouen-ou-le-havre-pour-les-fetes-voici-quelques-arguments-pour-taquiner-votre-famille-avec-humour_63585385.html\" target=\"_blank\" rel=\"noopener\"><strong>Plut\u00f4t Rouen ou Le Havre ? Pour les f\u00eates, voici quelques arguments pour taquiner votre famille (avec humour)<\/strong><\/a><br \/>Plut\u00f4t team Rouen ou Le Havre ? On vous propose de rejouer les clich\u00e9s de Normandie pour taquiner la famille aux repas de f\u00eates. A d\u00e9guster avec une belle tranche de second degr\u00e9.<\/p>\n<p class=\"expresso-item wall-content\"><a title=\"Lire l&#039;article\" href=\"https:\/\/actu.fr\/normandie\/rouen_76540\/video-ce-chef-de-rouen-nous-montre-une-entree-simple-et-delicieuse-a-refaire-pour-vos-repas-des-fetes_63609057.html\" target=\"_blank\" rel=\"noopener\"><strong>VID\u00c9O. Ce chef de Rouen nous montre une entr\u00e9e simple et d\u00e9licieuse \u00e0 refaire pour vos repas des f\u00eates !<\/strong><\/a><br \/>Takahiro Oikawa, le chef du restaurant Au Flam\u00e9ron install\u00e9 \u00e0 Rouen, nous a montr\u00e9 comment refaire une entr\u00e9e facile et d\u00e9licieuse pour les f\u00eates : un tartare de Saint-Jacques.<\/p>\n<p class=\"expresso-item wall-content\"><a title=\"Lire l&#039;article\" href=\"https:\/\/actu.fr\/normandie\/rouen_76540\/video-quel-prix-pour-une-bonne-bouteille-de-cidre-on-a-teste-les-moins-chers-du-marche-pour-le-savoir_62796949.html\" target=\"_blank\" rel=\"noopener\"><strong>VID\u00c9O. On a test\u00e9 les cidres les moins chers du march\u00e9 avec un sp\u00e9cialiste de Rouen<\/strong><\/a><br \/>\u00c0 partir de quel prix, une bouteille de cidre devient correcte ? Nous avons fait tester les cidres les moins chers du march\u00e9 \u00e0 un sp\u00e9cialiste de Rouen pour le savoir.<\/p>\n<p>Suivez l\u2019actualit\u00e9 de Rouen sur notre <a href=\"https:\/\/www.whatsapp.com\/channel\/0029VaKfnf99hXF2ddApFB1D\" target=\"_blank\" rel=\"noopener\">cha\u00eene WhatsApp<\/a> et sur notre <a href=\"https:\/\/www.tiktok.com\/@76actu.fr?lang=fr\" target=\"_blank\" rel=\"noopener\">compte TikTok<\/a><\/p>\n<p class=\" wall-content\">Personnalisez votre actualit\u00e9 en ajoutant vos villes et m\u00e9dias en favori avec <a href=\"https:\/\/moncompte.actu.fr\" title=\"D\u00e9couvez Mon Actu\" rel=\"nofollow noopener\" data-trk=\"{&quot;cta&quot;:{&quot;action&quot;:&quot;https:\\\/\\\/moncompte.actu.fr&quot;,&quot;category&quot;:&quot;mon compte&quot;,&quot;from&quot;:&quot;article footer&quot;,&quot;name&quot;:&quot;Mon actu&quot;,&quot;type&quot;:&quot;cta&quot;}}\" target=\"_blank\">Mon Actu<\/a>.<\/p>\n<p>                    <script async src=\"\/\/www.tiktok.com\/embed.js\"><\/script><\/p>\n","protected":false},"excerpt":{"rendered":"Par Fabien Massin Publi\u00e9 le 28 d\u00e9c. 2025 \u00e0 16h17 Vous n\u2019\u00e9tiez-vous pas \u00e0 Rouen (Seine-Maritime) au cours&hellip;\n","protected":false},"author":2,"featured_media":627546,"comment_status":"","ping_status":"","sticky":false,"template":"","format":"standard","meta":{"footnotes":""},"categories":[9587],"tags":[1111,11,1777,674,1011,27,12,15830,5161,25,9726,9590,104,6444],"class_list":{"0":"post-627545","1":"post","2":"type-post","3":"status-publish","4":"format-standard","5":"has-post-thumbnail","7":"category-rouen","8":"tag-actu","9":"tag-actualites","10":"tag-eu","11":"tag-europe","12":"tag-fr","13":"tag-france","14":"tag-news","15":"tag-noel","16":"tag-normandie","17":"tag-republique-francaise","18":"tag-reseau-astuce-tcar","19":"tag-rouen","20":"tag-societe","21":"tag-urgences"},"share_on_mastodon":{"url":"https:\/\/pubeurope.com\/@fr\/115802824132269110","error":""},"_links":{"self":[{"href":"https:\/\/www.europesays.com\/fr\/wp-json\/wp\/v2\/posts\/627545","targetHints":{"allow":["GET"]}}],"collection":[{"href":"https:\/\/www.europesays.com\/fr\/wp-json\/wp\/v2\/posts"}],"about":[{"href":"https:\/\/www.europesays.com\/fr\/wp-json\/wp\/v2\/types\/post"}],"author":[{"embeddable":true,"href":"https:\/\/www.europesays.com\/fr\/wp-json\/wp\/v2\/users\/2"}],"replies":[{"embeddable":true,"href":"https:\/\/www.europesays.com\/fr\/wp-json\/wp\/v2\/comments?post=627545"}],"version-history":[{"count":0,"href":"https:\/\/www.europesays.com\/fr\/wp-json\/wp\/v2\/posts\/627545\/revisions"}],"wp:featuredmedia":[{"embeddable":true,"href":"https:\/\/www.europesays.com\/fr\/wp-json\/wp\/v2\/media\/627546"}],"wp:attachment":[{"href":"https:\/\/www.europesays.com\/fr\/wp-json\/wp\/v2\/media?parent=627545"}],"wp:term":[{"taxonomy":"category","embeddable":true,"href":"https:\/\/www.europesays.com\/fr\/wp-json\/wp\/v2\/categories?post=627545"},{"taxonomy":"post_tag","embeddable":true,"href":"https:\/\/www.europesays.com\/fr\/wp-json\/wp\/v2\/tags?post=627545"}],"curies":[{"name":"wp","href":"https:\/\/api.w.org\/{rel}","templated":true}]}}