{"id":627547,"date":"2025-12-29T12:20:12","date_gmt":"2025-12-29T12:20:12","guid":{"rendered":"https:\/\/www.europesays.com\/fr\/627547\/"},"modified":"2025-12-29T12:20:12","modified_gmt":"2025-12-29T12:20:12","slug":"rouen-il-refuse-dobtemperer-abandonne-sa-voiture-et-sa-passagere-et-se-cache-derriere-les-poubelles","status":"publish","type":"post","link":"https:\/\/www.europesays.com\/fr\/627547\/","title":{"rendered":"Rouen. Il refuse d&rsquo;obtemp\u00e9rer, abandonne sa voiture (et sa passag\u00e8re) et se cache&#8230; derri\u00e8re les poubelles"},"content":{"rendered":"<p>                    Par<br \/>\n        <strong><br \/>\n            <a href=\"https:\/\/actu.fr\/auteur\/eaube\" title=\"Consulter tous les articles de Elo\u00efse Aub\u00e9\" target=\"_blank\" rel=\"noopener\">Elo\u00efse Aub\u00e9<\/a><br \/>\n                    <\/strong><\/p>\n<p>        Publi\u00e9 le<\/p>\n<p>            29 d\u00e9c. 2025 \u00e0 11h27        <\/p>\n<p>La cachette n\u2019\u00e9tait pas bonne. Samedi 27 d\u00e9cembre 2025, une patrouille de police observe avenue du Mont-Riboudet \u00e0 <a href=\"https:\/\/actu.fr\/normandie\/rouen_76540\" target=\"_blank\" rel=\"noopener\">Rouen<\/a>, une voiture qui <strong>circule sur la voie de bus et \u00e0 contresens<\/strong>. Il est 3h40. Les policiers d\u00e9cident alors d\u2019actionner leur gyrophare mais en les voyant, le chauffeur fait demi-tour \u00ab\u2009et <strong>acc\u00e9l\u00e8re fortement<\/strong>\u2009\u00bb, pr\u00e9cise une source polici\u00e8re.<\/p>\n<p class=\" wall-content\">Les agents envoient alors un message radio avec le descriptif\u00a0de la voiture et du conducteur.<\/p>\n<p>Cach\u00e9 derri\u00e8re les poubelles<\/p>\n<p class=\" wall-content\">Avec cette description en mains, la Bac (brigade anticriminalit\u00e9) retrouve la piste du conducteur dans le quartier de la sous-pr\u00e9fecture. <strong>La voiture est laiss\u00e9e en plan, tout comme la passag\u00e8re<\/strong>. Le chauffeur, lui, a pris la fuite \u00e0 pied.<\/p>\n<p class=\" wall-content\">Une fuite qui n\u2019a pas dur\u00e9 longtemps puisque les agents l\u2019ont retrouv\u00e9 rue du Contrat-Social, <strong>cach\u00e9 derri\u00e8re des poubelles<\/strong>. Positif au THC et circulant avec un permis de conduire annul\u00e9, le chauffeur \u00e2g\u00e9 de 22\u00a0ans a \u00e9t\u00e9 plac\u00e9 en garde \u00e0 vue.<\/p>\n<p>Suivez l\u2019actualit\u00e9 de Rouen sur notre<a href=\"https:\/\/www.whatsapp.com\/channel\/0029VaKfnf99hXF2ddApFB1D\" target=\"_blank\" rel=\"noopener\"> cha\u00eene WhatsApp<\/a> et sur notre <a href=\"https:\/\/www.tiktok.com\/@76actu.fr?lang=fr\" target=\"_blank\" rel=\"noopener\">compte TikTok<\/a><\/p>\n<p class=\" wall-content\">Personnalisez votre actualit\u00e9 en ajoutant vos villes et m\u00e9dias en favori avec <a href=\"https:\/\/moncompte.actu.fr\" title=\"D\u00e9couvez Mon Actu\" rel=\"nofollow noopener\" data-trk=\"{&quot;cta&quot;:{&quot;action&quot;:&quot;https:\\\/\\\/moncompte.actu.fr&quot;,&quot;category&quot;:&quot;mon compte&quot;,&quot;from&quot;:&quot;article footer&quot;,&quot;name&quot;:&quot;Mon actu&quot;,&quot;type&quot;:&quot;cta&quot;}}\" target=\"_blank\">Mon Actu<\/a>.<\/p>\n<p>                    <script async src=\"\/\/www.tiktok.com\/embed.js\"><\/script><\/p>\n","protected":false},"excerpt":{"rendered":"Par Elo\u00efse Aub\u00e9 Publi\u00e9 le 29 d\u00e9c. 2025 \u00e0 11h27 La cachette n\u2019\u00e9tait pas bonne. Samedi 27 d\u00e9cembre&hellip;\n","protected":false},"author":2,"featured_media":627548,"comment_status":"","ping_status":"","sticky":false,"template":"","format":"standard","meta":{"footnotes":""},"categories":[9587],"tags":[1111,11,1777,674,118,1011,27,12,5161,1072,2852,25,9590],"class_list":{"0":"post-627547","1":"post","2":"type-post","3":"status-publish","4":"format-standard","5":"has-post-thumbnail","7":"category-rouen","8":"tag-actu","9":"tag-actualites","10":"tag-eu","11":"tag-europe","12":"tag-faits-divers","13":"tag-fr","14":"tag-france","15":"tag-news","16":"tag-normandie","17":"tag-police","18":"tag-refus-dobtemperer","19":"tag-republique-francaise","20":"tag-rouen"},"share_on_mastodon":{"url":"https:\/\/pubeurope.com\/@fr\/115802828035344065","error":""},"_links":{"self":[{"href":"https:\/\/www.europesays.com\/fr\/wp-json\/wp\/v2\/posts\/627547","targetHints":{"allow":["GET"]}}],"collection":[{"href":"https:\/\/www.europesays.com\/fr\/wp-json\/wp\/v2\/posts"}],"about":[{"href":"https:\/\/www.europesays.com\/fr\/wp-json\/wp\/v2\/types\/post"}],"author":[{"embeddable":true,"href":"https:\/\/www.europesays.com\/fr\/wp-json\/wp\/v2\/users\/2"}],"replies":[{"embeddable":true,"href":"https:\/\/www.europesays.com\/fr\/wp-json\/wp\/v2\/comments?post=627547"}],"version-history":[{"count":0,"href":"https:\/\/www.europesays.com\/fr\/wp-json\/wp\/v2\/posts\/627547\/revisions"}],"wp:featuredmedia":[{"embeddable":true,"href":"https:\/\/www.europesays.com\/fr\/wp-json\/wp\/v2\/media\/627548"}],"wp:attachment":[{"href":"https:\/\/www.europesays.com\/fr\/wp-json\/wp\/v2\/media?parent=627547"}],"wp:term":[{"taxonomy":"category","embeddable":true,"href":"https:\/\/www.europesays.com\/fr\/wp-json\/wp\/v2\/categories?post=627547"},{"taxonomy":"post_tag","embeddable":true,"href":"https:\/\/www.europesays.com\/fr\/wp-json\/wp\/v2\/tags?post=627547"}],"curies":[{"name":"wp","href":"https:\/\/api.w.org\/{rel}","templated":true}]}}