{"id":627551,"date":"2025-12-29T12:22:13","date_gmt":"2025-12-29T12:22:13","guid":{"rendered":"https:\/\/www.europesays.com\/fr\/627551\/"},"modified":"2025-12-29T12:22:13","modified_gmt":"2025-12-29T12:22:13","slug":"le-souvenir-mordant-dalain-carignon","status":"publish","type":"post","link":"https:\/\/www.europesays.com\/fr\/627551\/","title":{"rendered":"le souvenir mordant d\u2019Alain Carignon"},"content":{"rendered":"<p>Au lendemain <a href=\"https:\/\/www.ledauphine.com\/societe\/2025\/12\/28\/brigitte-bardot-est-morte-a-l-age-de-91-ans-la-france-est-en-deuil#067480a8-47c2-4530-878e-5915dbe475d4\" target=\"_blank\" rel=\"noopener\">du d\u00e9c\u00e8s de l\u2019ic\u00f4ne du cin\u00e9ma fran\u00e7ais<\/a> du XXe\u00a0si\u00e8cle, <a href=\"https:\/\/www.ledauphine.com\/p\/alain-carignon\" target=\"_blank\" rel=\"noopener\">Alain Carignon<\/a> raconte dans un communiqu\u00e9 un souvenir \u00e9tonnant, alors qu\u2019il \u00e9tait ministre de l\u2019environnement (1986-1988)\u00a0: \u00ab\u00a0Je conserve un souvenir pr\u00e9cis de sa visite au ministre de l\u2019Environnement que j\u2019\u00e9tais. D\u2019abord, contrairement aux habitudes, tous les bureaux des collaborateurs avaient leur porte ouverte quand elle a travers\u00e9 les couloirs du minist\u00e8re. Elle venait plaider ses causes des animaux, dont je suis moi-m\u00eame si proche\u00a0\u00bb assure-t-il.<\/p>\n<p>  \u00ab\u00a0Je la regardais plus que je ne l\u2019\u00e9coutais\u00a0\u00bb<\/p>\n<p>Il poursuit\u00a0: \u00ab\u00a0Mais en r\u00e9alit\u00e9 je la regardais plus que je ne l\u2019\u00e9coutais, le son de sa voix devait me marquer plus que la port\u00e9e de ses mots. Elle devait s\u2019en rendre compte. Tout \u00e0 coup elle s\u2019est saisie de mon mollet avec ses deux mains, a enfonc\u00e9 ses ongles en tenaille et m\u2019a dit\u00a0: \u201cC\u2019est tr\u00e8s peu de chose, Monsieur le ministre, que cette douleur, imaginez celle des animaux qui meurent lentement pris par un pi\u00e8ge \u00e0 m\u00e2choire \u00e0 leur patte, qui se vident de leur sang pendant des heures, vous devez interdire cette pratique barbare\u2026 \u201d Et elle a enfin l\u00e2ch\u00e9 mon mollet\u2026 Je l\u2019avais alors \u00e9cout\u00e9e intens\u00e9ment. Cette anecdote d\u00e9montre <a href=\"https:\/\/www.ledauphine.com\/societe\/2025\/12\/28\/mort-de-brigitte-bardot-une-vie-de-combat-pour-les-animaux\" target=\"_blank\" rel=\"noopener\">son engagement si sinc\u00e8re pour la cause animale<\/a>.\u00a0\u00bb<\/p>\n<p>Alain Carignon, aujourd\u2019hui <a href=\"https:\/\/www.ledauphine.com\/elections\/2025\/06\/05\/isere-grenoble-municipales-2026-ca-y-est-alain-carignon-est-officiellement-candidat\" target=\"_blank\" rel=\"noopener\">candidat aux \u00e9lections municipales<\/a> 2026 de Grenoble, dresse un parall\u00e8le\u00a0: \u00ab\u00a0Quant aux autres traits insondables de son caract\u00e8re, son rapport \u00e0 la maternit\u00e9, sa solitude, comment ne pas imaginer qu\u2019une enfance sans affection n\u2019a pas profond\u00e9ment fa\u00e7onn\u00e9 sa nature profonde, faisant de <a href=\"https:\/\/www.ledauphine.com\/p\/brigitte-bardot\" target=\"_blank\" rel=\"noopener\">Brigitte Bardot<\/a> une femme \u00e9tonnamment libre en effet pour son \u00e9poque, sans limites, mais qui a eu besoin des animaux pour satisfaire ce besoin inassouvi de tendresse qui lui a manqu\u00e9 \u00e0 l\u2019aube de sa vie, que ni les hommes, ni le cin\u00e9ma ne pouvaient satisfaire\u00a0\u00bb.<\/p>\n","protected":false},"excerpt":{"rendered":"Au lendemain du d\u00e9c\u00e8s de l\u2019ic\u00f4ne du cin\u00e9ma fran\u00e7ais du XXe\u00a0si\u00e8cle, Alain Carignon raconte dans un communiqu\u00e9 un&hellip;\n","protected":false},"author":2,"featured_media":627552,"comment_status":"","ping_status":"","sticky":false,"template":"","format":"standard","meta":{"footnotes":""},"categories":[9566],"tags":[1111,11,2430,112,1777,674,107,1011,27,2731,2732,1757,108,6319,12,316,25,273],"class_list":{"0":"post-627551","1":"post","2":"type-post","3":"status-publish","4":"format-standard","5":"has-post-thumbnail","7":"category-grenoble","8":"tag-actu","9":"tag-actualites","10":"tag-auvergne-rhone-alpes","11":"tag-edition-grenoble-agglomeration","12":"tag-eu","13":"tag-europe","14":"tag-fil-info","15":"tag-fr","16":"tag-france","17":"tag-grenoble","18":"tag-grenoble-bassin","19":"tag-insolite","20":"tag-isere","21":"tag-les-republicains","22":"tag-news","23":"tag-politique","24":"tag-republique-francaise","25":"tag-selection-de-la-redaction"},"share_on_mastodon":{"url":"https:\/\/pubeurope.com\/@fr\/115802836127853685","error":""},"_links":{"self":[{"href":"https:\/\/www.europesays.com\/fr\/wp-json\/wp\/v2\/posts\/627551","targetHints":{"allow":["GET"]}}],"collection":[{"href":"https:\/\/www.europesays.com\/fr\/wp-json\/wp\/v2\/posts"}],"about":[{"href":"https:\/\/www.europesays.com\/fr\/wp-json\/wp\/v2\/types\/post"}],"author":[{"embeddable":true,"href":"https:\/\/www.europesays.com\/fr\/wp-json\/wp\/v2\/users\/2"}],"replies":[{"embeddable":true,"href":"https:\/\/www.europesays.com\/fr\/wp-json\/wp\/v2\/comments?post=627551"}],"version-history":[{"count":0,"href":"https:\/\/www.europesays.com\/fr\/wp-json\/wp\/v2\/posts\/627551\/revisions"}],"wp:featuredmedia":[{"embeddable":true,"href":"https:\/\/www.europesays.com\/fr\/wp-json\/wp\/v2\/media\/627552"}],"wp:attachment":[{"href":"https:\/\/www.europesays.com\/fr\/wp-json\/wp\/v2\/media?parent=627551"}],"wp:term":[{"taxonomy":"category","embeddable":true,"href":"https:\/\/www.europesays.com\/fr\/wp-json\/wp\/v2\/categories?post=627551"},{"taxonomy":"post_tag","embeddable":true,"href":"https:\/\/www.europesays.com\/fr\/wp-json\/wp\/v2\/tags?post=627551"}],"curies":[{"name":"wp","href":"https:\/\/api.w.org\/{rel}","templated":true}]}}