{"id":627553,"date":"2025-12-29T12:23:13","date_gmt":"2025-12-29T12:23:13","guid":{"rendered":"https:\/\/www.europesays.com\/fr\/627553\/"},"modified":"2025-12-29T12:23:13","modified_gmt":"2025-12-29T12:23:13","slug":"narcotrafic-aeroport-patagonie-voici-nos-5-enquetes-qui-vous-ont-captive-a-rennes-en-2025","status":"publish","type":"post","link":"https:\/\/www.europesays.com\/fr\/627553\/","title":{"rendered":"Narcotrafic, a\u00e9roport, Patagonie\u2026 Voici nos\u00a05 enqu\u00eates qui vous ont captiv\u00e9 \u00e0 Rennes en 2025"},"content":{"rendered":"<p>5 Qui est vraiment Nathalie App\u00e9r\u00e9, maire de Rennes depuis plus de dix ans ?<\/p>\n<p>Certains diront qu\u2019il est difficile de tenir plus de 10 ans au sommet d\u2019une m\u00e9tropole sans se doter d\u2019un masque. D\u2019autres que la discr\u00e9tion et la distance, qui font parfois <a href=\"https:\/\/www.letelegramme.fr\/ille-et-vilaine\/rennes-35000\/lenigme-nathalie-appere-qui-est-vraiment-la-maire-de-rennes-au-pouvoir-depuis-dix-ans-6772891.php\" target=\"_blank\" rel=\"noopener\">la r\u00e9putation de Nathalie App\u00e9r\u00e9<\/a>, rel\u00e8vent davantage de sa personnalit\u00e9 que d\u2019une posture politique. Le fait est que la maire de Rennes, alors qu\u2019elle s\u2019appr\u00eate \u00e0 briguer un nouveau mandat, reste une \u00e9nigme pour de nombreux Rennais. Le Mensuel de Rennes livre ici une enqu\u00eate in\u00e9dite dans les coulisses de la Ville. Alors, qui est vraiment Nathalie App\u00e9r\u00e9 ?<\/p>\n<p><a href=\"https:\/\/www.letelegramme.fr\/ille-et-vilaine\/rennes-35000\/qui-est-vraiment-nathalie-appere-maire-de-rennes-depuis-plus-de-dix-ans-6782788.php\" target=\"_blank\" rel=\"noopener\">Lire le dossier<\/a>4 A\u00e9roport de Rennes : pourquoi il ne d\u00e9colle pas<\/p>\n<p>En cinq ans, <a href=\"https:\/\/www.letelegramme.fr\/ille-et-vilaine\/rennes-35000\/frequentation-en-berne-a-laeroport-de-rennes-comment-en-est-on-arrive-la-6830392.php\" target=\"_blank\" rel=\"noopener\">l\u2019a\u00e9roport de Rennes a perdu plus de 300 000 passagers<\/a>. Les causes sont multiples. Mais la concurrence de Nantes et le renoncement de l\u2019\u00c9tat vis-\u00e0-vis de \u00ab RNS \u00bb semblent avoir \u00e9t\u00e9 d\u00e9cisifs dans cette chute, que la R\u00e9gion et l\u2019exploitant tentent d\u2019enrayer. Avec quelles solutions ? Le Mensuel de Rennes a men\u00e9 l\u2019enqu\u00eate.<\/p>\n<p><a href=\"https:\/\/www.letelegramme.fr\/decode-la-bretagne\/pres-de-chez-vous\/aeroport-de-rennes-pourquoi-il-ne-decolle-pas-6842344.php\" target=\"_blank\" rel=\"noopener\">Lire le dossier<\/a>3 Narcotrafic \u00e0 Rennes : enfance en danger<\/p>\n<p>\u00c0 Rennes, les violences provoqu\u00e9es par le trafic de drogue font des victimes indirectes et invisibles : les enfants des quartiers. Dans la vie de famille et les parcs publics, \u00e0 l\u2019\u00e9cole mais aussi sur les r\u00e9seaux sociaux, <a href=\"https:\/\/www.letelegramme.fr\/ille-et-vilaine\/rennes-35000\/des-enfants-pris-dans-lengrenage-du-trafic-de-drogue-a-rennes-pourquoi-ce-phenomene-saccentue-video-6822155.php\" target=\"_blank\" rel=\"noopener\">les guerres de territoire les atteignent au quotidien, laissant les parents d\u00e9sempar\u00e9s.<\/a> De plus en plus, ils sont aussi la proie des recruteurs. Le T\u00e9l\u00e9gramme livre des t\u00e9moignages in\u00e9dits, qui jettent une lumi\u00e8re crue sur cet inqui\u00e9tant ph\u00e9nom\u00e8ne.<\/p>\n<p><a href=\"https:\/\/www.letelegramme.fr\/ille-et-vilaine\/rennes-35000\/narcotrafic-a-rennes-enfance-en-danger-6817905.php\" target=\"_blank\" rel=\"noopener\">Lire le dossier<\/a>2 Son image s\u2019est d\u00e9grad\u00e9e : Rennes m\u00e9rite-t-elle sa mauvaise r\u00e9putation ?<\/p>\n<p>Sous l\u2019effet conjugu\u00e9 de l\u2019explosion du narcotrafic et des violences r\u00e9currentes en marge des mobilisations sociales, <a href=\"https:\/\/www.letelegramme.fr\/ille-et-vilaine\/rennes-35000\/rennes-ca-craint-comment-la-reputation-de-la-ville-a-bascule-6911185.php\" target=\"_blank\" rel=\"noopener\">la capitale bretonne est devenue la cible de critiques<\/a> virulentes sur les r\u00e9seaux sociaux et dans certains m\u00e9dias. Pourtant, les habitants sont toujours nombreux \u00e0 louer son dynamisme et sa qualit\u00e9 de vie. Rennes m\u00e9rite-t-elle vraiment sa mauvaise r\u00e9putation ? D\u00e9couvrez notre dossier.<\/p>\n<p><a href=\"https:\/\/www.letelegramme.fr\/ille-et-vilaine\/rennes-35000\/son-image-sest-degradee-rennes-merite-t-elle-sa-mauvaise-reputation-6910275.php\" target=\"_blank\" rel=\"noopener\">Lire le dossier<\/a>1 Patagonie : un eldorado pour les Rennais et les Bretons<\/p>\n<p>De la Terre de Feu \u00e0 la pointe du Raz, il y a 13 000 km et des points communs : la mer, les embruns\u2026 et des Bretons. Depuis la fin du XIXe si\u00e8cle, <a href=\"https:\/\/www.letelegramme.fr\/ille-et-vilaine\/rennes-35000\/ici-cest-un-peu-la-bretagne-de-lamerique-du-sud-pourquoi-les-bretons-tentent-laventure-en-patagonie-6736118.php\" target=\"_blank\" rel=\"noopener\">ils sont des milliers \u00e0 avoir ralli\u00e9 la Patagonie<\/a>, en qu\u00eate d\u2019un nouvel eldorado.<\/p>\n<p><a href=\"https:\/\/www.letelegramme.fr\/ille-et-vilaine\/rennes-35000\/patagonie-un-eldorado-pour-les-rennais-et-les-bretons-6736054.php\" target=\"_blank\" rel=\"noopener\">Lire le dossier<\/a><\/p>\n","protected":false},"excerpt":{"rendered":"5 Qui est vraiment Nathalie App\u00e9r\u00e9, maire de Rennes depuis plus de dix ans ? Certains diront qu\u2019il&hellip;\n","protected":false},"author":2,"featured_media":627554,"comment_status":"","ping_status":"","sticky":false,"template":"","format":"standard","meta":{"footnotes":""},"categories":[2821],"tags":[1111,11,829,1777,674,1011,27,848,12,584,25],"class_list":{"0":"post-627553","1":"post","2":"type-post","3":"status-publish","4":"format-standard","5":"has-post-thumbnail","7":"category-rennes","8":"tag-actu","9":"tag-actualites","10":"tag-bretagne","11":"tag-eu","12":"tag-europe","13":"tag-fr","14":"tag-france","15":"tag-ille-et-vilaine","16":"tag-news","17":"tag-rennes","18":"tag-republique-francaise"},"share_on_mastodon":{"url":"https:\/\/pubeurope.com\/@fr\/115802839778906388","error":""},"_links":{"self":[{"href":"https:\/\/www.europesays.com\/fr\/wp-json\/wp\/v2\/posts\/627553","targetHints":{"allow":["GET"]}}],"collection":[{"href":"https:\/\/www.europesays.com\/fr\/wp-json\/wp\/v2\/posts"}],"about":[{"href":"https:\/\/www.europesays.com\/fr\/wp-json\/wp\/v2\/types\/post"}],"author":[{"embeddable":true,"href":"https:\/\/www.europesays.com\/fr\/wp-json\/wp\/v2\/users\/2"}],"replies":[{"embeddable":true,"href":"https:\/\/www.europesays.com\/fr\/wp-json\/wp\/v2\/comments?post=627553"}],"version-history":[{"count":0,"href":"https:\/\/www.europesays.com\/fr\/wp-json\/wp\/v2\/posts\/627553\/revisions"}],"wp:featuredmedia":[{"embeddable":true,"href":"https:\/\/www.europesays.com\/fr\/wp-json\/wp\/v2\/media\/627554"}],"wp:attachment":[{"href":"https:\/\/www.europesays.com\/fr\/wp-json\/wp\/v2\/media?parent=627553"}],"wp:term":[{"taxonomy":"category","embeddable":true,"href":"https:\/\/www.europesays.com\/fr\/wp-json\/wp\/v2\/categories?post=627553"},{"taxonomy":"post_tag","embeddable":true,"href":"https:\/\/www.europesays.com\/fr\/wp-json\/wp\/v2\/tags?post=627553"}],"curies":[{"name":"wp","href":"https:\/\/api.w.org\/{rel}","templated":true}]}}