{"id":627555,"date":"2025-12-29T12:24:12","date_gmt":"2025-12-29T12:24:12","guid":{"rendered":"https:\/\/www.europesays.com\/fr\/627555\/"},"modified":"2025-12-29T12:24:12","modified_gmt":"2025-12-29T12:24:12","slug":"a-rennes-que-sest-il-passe-sur-la-promenade-des-bonnets-rouges","status":"publish","type":"post","link":"https:\/\/www.europesays.com\/fr\/627555\/","title":{"rendered":"\u00e0 Rennes, que s&rsquo;est-il pass\u00e9 sur la promenade des Bonnets rouges\u00a0?"},"content":{"rendered":"<p>                    Par<br \/>\n        <strong><br \/>\n            <a href=\"https:\/\/actu.fr\/auteur\/clemence-pays02-actu-fr\" title=\"Consulter tous les articles de Cl\u00e9mence Pays\" target=\"_blank\" rel=\"noopener\">Cl\u00e9mence Pays<\/a><br \/>\n                    <\/strong><\/p>\n<p>        Publi\u00e9 le<\/p>\n<p>            29 d\u00e9c. 2025 \u00e0 10h20        <\/p>\n<p>Samedi 27\u00a0d\u00e9cembre 2025, des promeneurs et joggeurs ont d\u00fb revoir leur itin\u00e9raire de promenade. En longeant la Vilaine, les habitants du quartier Alphonse-Gu\u00e9rin ont fait face \u00e0 la police de Rennes, au niveau de la <strong>passerelle des Bonnets rouges.<\/strong> \u00ab\u2009Il y avait un policier du c\u00f4t\u00e9 de la promenade et d\u2019autres de l\u2019autre c\u00f4t\u00e9 de la passerelle\u2009\u00bb, raconte un t\u00e9moin \u00e0 <a href=\"https:\/\/actu.fr\/rennes\/\" target=\"_blank\" rel=\"noopener\">actu Rennes<\/a>. Ce dernier a \u00e9galement pu voir<strong> \u00ab\u2009des taches de sang\u2009\u00bb,<\/strong> sur le chemin.<\/p>\n<p>Du sable dispers\u00e9<\/p>\n<p class=\" wall-content\">\u00ab\u2009Au d\u00e9but ce n\u2019\u00e9tait que <strong>quelques gouttes<\/strong> et plus j\u2019avan\u00e7ais vers la passerelle plus il y en avait, <strong>jusqu\u2019\u00e0 une mare de sang\u2009\u00bb,<\/strong> d\u00e9crit ce riverain, qui a d\u00e9couvert la sc\u00e8ne un peu apr\u00e8s 10h30.<\/p>\n<p class=\" wall-content\">Aux alentours de 12h, de nombreuses traces de sang au sol \u00e9taient encore visibles <strong>sur plusieurs m\u00e8tres,<\/strong> du croisement entre la rue Joseph-Durocher, la rue Alphonse-Gu\u00e9rin et la promenade des Bonnets rouges, jusqu\u2019\u00e0 la passerelle.<\/p>\n<p class=\" wall-content\">Sur ce petit pont, <strong>du sable a \u00e9t\u00e9 dispers\u00e9<\/strong> afin de recouvrir le sang. Les forces de l\u2019ordre n\u2019\u00e9taient plus pr\u00e9sentes sur les lieux.<\/p>\n<p>Que s\u2019est-il pass\u00e9\u2009?<\/p>\n<p class=\" wall-content\"><strong>Une altercation<\/strong> s\u2019est produite entre <strong>deux individus <\/strong>vers 4h30, indique une source polici\u00e8re \u00e0 la r\u00e9daction d\u2019actu Rennes. La victime, qui a re\u00e7u<strong> des coups de couteau<\/strong> occasionnant notamment des blessures au niveau <strong>des mains,<\/strong> est <strong>connue des services de police<\/strong> et est \u00e2g\u00e9e de <strong>22\u00a0ans.<\/strong><\/p>\n<p class=\" wall-content\">Lors de l\u2019agression, r\u00e9sultant vraisemblablement <strong>d\u2019une bagarre,<\/strong> le jeune homme s\u2019est enfui et a trouv\u00e9 refuge dans une habitation \u00e0 proximit\u00e9.<\/p>\n<p>Votre r\u00e9gion, votre actu !<\/p>\n<p>Recevez chaque jour les infos qui comptent pour vous.<\/p>\n<p>\t<a href=\"https:\/\/actu.fr\/newsletter\" class=\"ac-btn ac-btn--corner ac-btn--medium ac-btn--blue800\" target=\"_blank\" rel=\"noopener\">S&rsquo;incrire<\/a><\/p>\n<p class=\" wall-content\"><strong>Une enqu\u00eate<\/strong> est en cours concernant \u00ab\u00a0ces violences volontaires avec arme\u00a0\u00bb, pr\u00e9cise la police, qui ne souhaite pas communiquer davantage \u00ab\u00a0\u00e0 ce stade\u00a0\u00bb. Le procureur de la R\u00e9publique de Rennes n\u2019a pas r\u00e9pondu, \u00e0 l\u2019heure o\u00f9 sont \u00e9crites ces lignes, \u00e0 nos sollicitations.\u00a0<\/p>\n<p class=\" wall-content\">Personnalisez votre actualit\u00e9 en ajoutant vos villes et m\u00e9dias en favori avec <a href=\"https:\/\/moncompte.actu.fr\" title=\"D\u00e9couvez Mon Actu\" rel=\"nofollow noopener\" data-trk=\"{&quot;cta&quot;:{&quot;action&quot;:&quot;https:\\\/\\\/moncompte.actu.fr&quot;,&quot;category&quot;:&quot;mon compte&quot;,&quot;from&quot;:&quot;article footer&quot;,&quot;name&quot;:&quot;Mon actu&quot;,&quot;type&quot;:&quot;cta&quot;}}\" target=\"_blank\">Mon Actu<\/a>.<\/p>\n","protected":false},"excerpt":{"rendered":"Par Cl\u00e9mence Pays Publi\u00e9 le 29 d\u00e9c. 2025 \u00e0 10h20 Samedi 27\u00a0d\u00e9cembre 2025, des promeneurs et joggeurs ont&hellip;\n","protected":false},"author":2,"featured_media":627556,"comment_status":"","ping_status":"","sticky":false,"template":"","format":"standard","meta":{"footnotes":""},"categories":[2821],"tags":[1111,11,829,1777,674,118,1011,27,12,1072,584,25],"class_list":{"0":"post-627555","1":"post","2":"type-post","3":"status-publish","4":"format-standard","5":"has-post-thumbnail","7":"category-rennes","8":"tag-actu","9":"tag-actualites","10":"tag-bretagne","11":"tag-eu","12":"tag-europe","13":"tag-faits-divers","14":"tag-fr","15":"tag-france","16":"tag-news","17":"tag-police","18":"tag-rennes","19":"tag-republique-francaise"},"share_on_mastodon":{"url":"https:\/\/pubeurope.com\/@fr\/115802843695655738","error":""},"_links":{"self":[{"href":"https:\/\/www.europesays.com\/fr\/wp-json\/wp\/v2\/posts\/627555","targetHints":{"allow":["GET"]}}],"collection":[{"href":"https:\/\/www.europesays.com\/fr\/wp-json\/wp\/v2\/posts"}],"about":[{"href":"https:\/\/www.europesays.com\/fr\/wp-json\/wp\/v2\/types\/post"}],"author":[{"embeddable":true,"href":"https:\/\/www.europesays.com\/fr\/wp-json\/wp\/v2\/users\/2"}],"replies":[{"embeddable":true,"href":"https:\/\/www.europesays.com\/fr\/wp-json\/wp\/v2\/comments?post=627555"}],"version-history":[{"count":0,"href":"https:\/\/www.europesays.com\/fr\/wp-json\/wp\/v2\/posts\/627555\/revisions"}],"wp:featuredmedia":[{"embeddable":true,"href":"https:\/\/www.europesays.com\/fr\/wp-json\/wp\/v2\/media\/627556"}],"wp:attachment":[{"href":"https:\/\/www.europesays.com\/fr\/wp-json\/wp\/v2\/media?parent=627555"}],"wp:term":[{"taxonomy":"category","embeddable":true,"href":"https:\/\/www.europesays.com\/fr\/wp-json\/wp\/v2\/categories?post=627555"},{"taxonomy":"post_tag","embeddable":true,"href":"https:\/\/www.europesays.com\/fr\/wp-json\/wp\/v2\/tags?post=627555"}],"curies":[{"name":"wp","href":"https:\/\/api.w.org\/{rel}","templated":true}]}}