{"id":627557,"date":"2025-12-29T12:25:15","date_gmt":"2025-12-29T12:25:15","guid":{"rendered":"https:\/\/www.europesays.com\/fr\/627557\/"},"modified":"2025-12-29T12:25:15","modified_gmt":"2025-12-29T12:25:15","slug":"ce-quon-peut-dire-a-ce-stade","status":"publish","type":"post","link":"https:\/\/www.europesays.com\/fr\/627557\/","title":{"rendered":"ce qu&rsquo;on peut dire \u00e0 ce stade"},"content":{"rendered":"<p>                    Par<br \/>\n        <strong><br \/>\n            <a href=\"https:\/\/actu.fr\/auteur\/ivan-capecchi\" title=\"Consulter tous les articles de Ivan CAPECCHI\" target=\"_blank\" rel=\"noopener\">Ivan CAPECCHI<\/a><br \/>\n                    <\/strong><\/p>\n<p>        Publi\u00e9 le<\/p>\n<p>            29 d\u00e9c. 2025 \u00e0 11h15        <\/p>\n<p>Tant <a href=\"https:\/\/actu.fr\/tag\/meteo-france\" target=\"_blank\" rel=\"noopener\">M\u00e9t\u00e9o France<\/a> que <a href=\"https:\/\/actu.fr\/tag\/google\" target=\"_blank\" rel=\"noopener\">Google<\/a> annoncent de la <a href=\"https:\/\/actu.fr\/tag\/neige\" target=\"_blank\" rel=\"noopener\">neige<\/a> \u00e0 Strasbourg pour cette fin de semaine, voire le d\u00e9but de la semaine prochaine. Qu\u2019en sera-t-il ? On a pos\u00e9 la question \u00e0 Christophe Mertz, m\u00e9t\u00e9orologue chez <a href=\"https:\/\/atmo-risk.fr\/\" target=\"_blank\" rel=\"noopener\">Atmo-Risk<\/a>.<\/p>\n<p>Un risque de neige incertain \u00e0 Strasbourg<\/p>\n<p class=\" wall-content\">\u00ab\u00a0Jusqu\u2019au 31 d\u00e9cembre,<strong> rien \u00e0 signaler<\/strong>, on s\u2019attend \u00e0 un<strong> temps calme et sec<\/strong>, comme en ce moment, avec du <strong>froid<\/strong>, de <strong>fortes gel\u00e9es<\/strong> et du <strong>givre<\/strong>\u00ab\u00a0, annonce Christophe Mertz.<\/p>\n<p class=\" wall-content\">Pour le reste, \u00ab\u00a0il est impossible d\u2019affirmer quoi que ce soit, <strong>tant la pr\u00e9visibilit\u00e9 est mauvaise<\/strong>\u00ab\u00a0, pr\u00e9vient l\u2019expert. Tout au plus peut-on dire qu\u2019il y a un <strong>risque de neige<\/strong> pour cette fin de semaine, mais c\u2019est tout.\u00a0<\/p>\n<p>De la neige possible en fin de semaine prochaine<\/p>\n<p class=\" wall-content\">\u00ab\u00a0Il y a une tendance pour avoir un<strong> temps plus perturb\u00e9 en fin de semaine prochaine<\/strong>\u00ab\u00a0, continue le m\u00e9t\u00e9orologue. Plus pr\u00e9cis\u00e9ment, \u00ab\u00a0il y a un risque de <strong>neige autour du 3-4-5 d\u00e9cembre<\/strong>\u00ab\u00a0, annonce-t-il.<\/p>\n<p class=\" wall-content\">Mais, l\u00e0 encore, la prudence est de mise, \u00ab\u00a0car <strong>il y a beaucoup de sc\u00e9narios contraires<\/strong> aussi\u00a0\u00bb, indique-t-il.<\/p>\n<p class=\" wall-content\">Personnalisez votre actualit\u00e9 en ajoutant vos villes et m\u00e9dias en favori avec <a href=\"https:\/\/moncompte.actu.fr\" title=\"D\u00e9couvez Mon Actu\" rel=\"nofollow noopener\" data-trk=\"{&quot;cta&quot;:{&quot;action&quot;:&quot;https:\\\/\\\/moncompte.actu.fr&quot;,&quot;category&quot;:&quot;mon compte&quot;,&quot;from&quot;:&quot;article footer&quot;,&quot;name&quot;:&quot;Mon actu&quot;,&quot;type&quot;:&quot;cta&quot;}}\" target=\"_blank\">Mon Actu<\/a>.<\/p>\n","protected":false},"excerpt":{"rendered":"Par Ivan CAPECCHI Publi\u00e9 le 29 d\u00e9c. 2025 \u00e0 11h15 Tant M\u00e9t\u00e9o France que Google annoncent de la&hellip;\n","protected":false},"author":2,"featured_media":627558,"comment_status":"","ping_status":"","sticky":false,"template":"","format":"standard","meta":{"footnotes":""},"categories":[2820],"tags":[1111,11,1777,674,1011,27,323,775,2487,2357,10584,12,25,640],"class_list":{"0":"post-627557","1":"post","2":"type-post","3":"status-publish","4":"format-standard","5":"has-post-thumbnail","7":"category-strasbourg","8":"tag-actu","9":"tag-actualites","10":"tag-eu","11":"tag-europe","12":"tag-fr","13":"tag-france","14":"tag-google","15":"tag-grand-est","16":"tag-meteo","17":"tag-meteo-france","18":"tag-neige","19":"tag-news","20":"tag-republique-francaise","21":"tag-strasbourg"},"share_on_mastodon":{"url":"https:\/\/pubeurope.com\/@fr\/115802847659530059","error":""},"_links":{"self":[{"href":"https:\/\/www.europesays.com\/fr\/wp-json\/wp\/v2\/posts\/627557","targetHints":{"allow":["GET"]}}],"collection":[{"href":"https:\/\/www.europesays.com\/fr\/wp-json\/wp\/v2\/posts"}],"about":[{"href":"https:\/\/www.europesays.com\/fr\/wp-json\/wp\/v2\/types\/post"}],"author":[{"embeddable":true,"href":"https:\/\/www.europesays.com\/fr\/wp-json\/wp\/v2\/users\/2"}],"replies":[{"embeddable":true,"href":"https:\/\/www.europesays.com\/fr\/wp-json\/wp\/v2\/comments?post=627557"}],"version-history":[{"count":0,"href":"https:\/\/www.europesays.com\/fr\/wp-json\/wp\/v2\/posts\/627557\/revisions"}],"wp:featuredmedia":[{"embeddable":true,"href":"https:\/\/www.europesays.com\/fr\/wp-json\/wp\/v2\/media\/627558"}],"wp:attachment":[{"href":"https:\/\/www.europesays.com\/fr\/wp-json\/wp\/v2\/media?parent=627557"}],"wp:term":[{"taxonomy":"category","embeddable":true,"href":"https:\/\/www.europesays.com\/fr\/wp-json\/wp\/v2\/categories?post=627557"},{"taxonomy":"post_tag","embeddable":true,"href":"https:\/\/www.europesays.com\/fr\/wp-json\/wp\/v2\/tags?post=627557"}],"curies":[{"name":"wp","href":"https:\/\/api.w.org\/{rel}","templated":true}]}}