{"id":627559,"date":"2025-12-29T12:26:11","date_gmt":"2025-12-29T12:26:11","guid":{"rendered":"https:\/\/www.europesays.com\/fr\/627559\/"},"modified":"2025-12-29T12:26:11","modified_gmt":"2025-12-29T12:26:11","slug":"le-couvre-feu-pour-les-moins-de-16-ans-reconduit-dans-sept-communes-dont-strasbourg","status":"publish","type":"post","link":"https:\/\/www.europesays.com\/fr\/627559\/","title":{"rendered":"le couvre-feu pour les moins de 16 ans reconduit dans sept communes dont Strasbourg"},"content":{"rendered":"<p class=\"article__intro\">La pr\u00e9fecture du Bas-Rhin a reconduit le couvre-feu pour les mineurs de moins de 16 ans non accompagn\u00e9s le soir du r\u00e9veillon, dans sept communes de l&rsquo;Eurom\u00e9tropole de Strasbourg. Cette mesure entrera en vigueur mercredi 31 d\u00e9cembre 2025 \u00e0 21h et se terminera le 1er janvier 2026 \u00e0 6h.<\/p>\n<p>\n      La Quotidienne Soci\u00e9t\u00e9\n    <\/p>\n<p>\n      De la vie quotidienne aux grands enjeux, recevez tous les jours les sujets qui font la soci\u00e9t\u00e9 locale, comme la justice, l\u2019\u00e9ducation, la sant\u00e9 et la famille.\n    <\/p>\n<p>    France T\u00e9l\u00e9visions utilise votre adresse e-mail afin de vous envoyer la newsletter \u00ab\u00a0La Quotidienne Soci\u00e9t\u00e9\u00a0\u00bb. Vous pouvez vous d\u00e9sinscrire \u00e0 tout moment via le lien en bas de cette newsletter. <a target=\"_blank\" href=\"https:\/\/www.francetelevisions.fr\/groupe\/confidentialite\/politique-de-confidentialite\/politique-de-confidentialite-de-france-televisions-6503\" rel=\"noopener\">Notre politique de confidentialit\u00e9<\/a><\/p>\n<p>Instaur\u00e9 pour la premi\u00e8re fois lors en 2021, le couvre-feu pour les moins de 16 ans non-accompagn\u00e9s lors du r\u00e9veillon de la Saint-Sylvestre a \u00e9t\u00e9 une nouvelle fois reconduit par la pr\u00e9fecture du Bas-Rhin.<\/p>\n<p>Cette mesure<strong> <\/strong>concerne les mineurs de moins de 16 ans non accompagn\u00e9s par l\u2019un de leurs parents ou d\u2019un repr\u00e9sentant de l\u2019autorit\u00e9 parentale. L&rsquo;arr\u00eat\u00e9 pr\u00e9fectoral entrera en vigueur du 31 d\u00e9cembre 2025 \u00e0 21h au 1er janvier 2026 \u00e0 6h dans les communes de Strasbourg, Hoenheim, Bischheim, Schiltigheim, Illkirch-Graffenstaden, Lingolsheim et Ostwald.<\/p>\n<\/p>\n<p>Elle s&rsquo;inscrit dans un dispositif plus global visant \u00e0 \u00ab\u00a0pr\u00e9venir les accidents li\u00e9s \u00e0 l\u2019utilisation d\u2019artifices et les troubles \u00e0 l\u2019ordre public\u00a0\u00bb, d\u00e9taille la pr\u00e9fecture du Bas-Rhin dans un communiqu\u00e9. <\/p>\n<p>Celui-ci comprend notamment l&rsquo;interdiction de la distribution, de la vente \u00e0 emporter, de l&rsquo;achat, et du transport de carburants dans tout r\u00e9cipient transportable du 27 d\u00e9cembre \u00e0 20h au 3 janvier \u00e0 8h, mais aussi la r\u00e9glementation de la vente, de l&rsquo;achat, de la d\u00e9tention, du transport, et de l\u2019utilisation des artifices de divertissement et d\u2019articles pyrotechniques jusqu&rsquo;au 3 janvier \u00e0 8h.<\/p>\n<p>La vente et la consommation d\u2019alcool sur la voie publique seront \u00e9galement interdites du 31 d\u00e9cembre 2025 \u00e0 12h00 au 1er janvier 2026 \u00e0 12h00.<\/p>\n","protected":false},"excerpt":{"rendered":"La pr\u00e9fecture du Bas-Rhin a reconduit le couvre-feu pour les mineurs de moins de 16 ans non accompagn\u00e9s&hellip;\n","protected":false},"author":2,"featured_media":627560,"comment_status":"","ping_status":"","sticky":false,"template":"","format":"standard","meta":{"footnotes":""},"categories":[2820],"tags":[1111,11,1777,674,1011,27,775,12,25,640],"class_list":{"0":"post-627559","1":"post","2":"type-post","3":"status-publish","4":"format-standard","5":"has-post-thumbnail","7":"category-strasbourg","8":"tag-actu","9":"tag-actualites","10":"tag-eu","11":"tag-europe","12":"tag-fr","13":"tag-france","14":"tag-grand-est","15":"tag-news","16":"tag-republique-francaise","17":"tag-strasbourg"},"share_on_mastodon":{"url":"https:\/\/pubeurope.com\/@fr\/115802851591152691","error":""},"_links":{"self":[{"href":"https:\/\/www.europesays.com\/fr\/wp-json\/wp\/v2\/posts\/627559","targetHints":{"allow":["GET"]}}],"collection":[{"href":"https:\/\/www.europesays.com\/fr\/wp-json\/wp\/v2\/posts"}],"about":[{"href":"https:\/\/www.europesays.com\/fr\/wp-json\/wp\/v2\/types\/post"}],"author":[{"embeddable":true,"href":"https:\/\/www.europesays.com\/fr\/wp-json\/wp\/v2\/users\/2"}],"replies":[{"embeddable":true,"href":"https:\/\/www.europesays.com\/fr\/wp-json\/wp\/v2\/comments?post=627559"}],"version-history":[{"count":0,"href":"https:\/\/www.europesays.com\/fr\/wp-json\/wp\/v2\/posts\/627559\/revisions"}],"wp:featuredmedia":[{"embeddable":true,"href":"https:\/\/www.europesays.com\/fr\/wp-json\/wp\/v2\/media\/627560"}],"wp:attachment":[{"href":"https:\/\/www.europesays.com\/fr\/wp-json\/wp\/v2\/media?parent=627559"}],"wp:term":[{"taxonomy":"category","embeddable":true,"href":"https:\/\/www.europesays.com\/fr\/wp-json\/wp\/v2\/categories?post=627559"},{"taxonomy":"post_tag","embeddable":true,"href":"https:\/\/www.europesays.com\/fr\/wp-json\/wp\/v2\/tags?post=627559"}],"curies":[{"name":"wp","href":"https:\/\/api.w.org\/{rel}","templated":true}]}}