{"id":627561,"date":"2025-12-29T12:27:11","date_gmt":"2025-12-29T12:27:11","guid":{"rendered":"https:\/\/www.europesays.com\/fr\/627561\/"},"modified":"2025-12-29T12:27:11","modified_gmt":"2025-12-29T12:27:11","slug":"des-formations-inedites-proposees-aux-notaires-des-alpes-maritimes","status":"publish","type":"post","link":"https:\/\/www.europesays.com\/fr\/627561\/","title":{"rendered":"Des formations in\u00e9dites propos\u00e9es aux notaires des Alpes-Maritimes"},"content":{"rendered":"<p>                    <img loading=\"lazy\" decoding=\"async\" src=\"https:\/\/www.europesays.com\/fr\/wp-content\/uploads\/2025\/12\/0b2beeaac54dff724b81186479805c.png\" class=\"img-responsive post-image\" width=\"680\" height=\"510\" alt=\"Des formations in\u00e9dites\" title=\"Des formations in\u00e9dites propos\u00e9es aux notaires des Alpes-Maritimes\"\/><\/p>\n<p class=\"chapo\">La chambre d\u00e9partementale s\u2019est rapproch\u00e9e de l\u2019organisme de formation INAFON et de l\u2019EDHEC Business school dans le but d\u2019accompagner les notaires vers une approche plus proactive.<\/p>\n<p><strong>Me Laurent Libouban<\/strong>, pr\u00e9sident de la chambre des notaires des Alpes-Maritimes, est parti d\u2019un constat simple\u00a0: il y a eu 23 cr\u00e9ations d\u2019\u00e9tudes locales en 2025, dont sept \u00e0\u00a0Nice et six \u00e0 Cannes, portant \u00e0 pr\u00e8s de 200 leur nombre dans le d\u00e9partement et les notaires n\u2019ont donc d\u2019autre choix que de<strong> diversifier leurs activit\u00e9s pour tous travailler<\/strong>. Les activit\u00e9s classiques des notaires, l\u2019immobilier et les successions, ne suffisent  plus compte tenu d\u2019une concurrence grandissante et, vraisemblablement, d\u2019un nombre trop important d\u2019\u00e9tudes dans certaines zones du d\u00e9partement. \u00ab\u00a0En int\u00e9grant l\u2019activit\u00e9 notariale dans le Code de commerce, la loi Croissance de 2015 a profond\u00e9ment modifi\u00e9 l\u2019environnement juridique et \u00e9conomique de la profession \u00a0\u00bb, explique Me Libouban dans un communiqu\u00e9 commun avec l\u2019EDHEC Augmented Law Institute et l\u2019INAFON (Institut notarial de formation). \u00ab\u00a0Les notaires doivent s\u2019adapter \u00e0 cette nouvelle donne. Par la diversification de leurs activit\u00e9s, par une approche proactive \u00e0 l\u2019\u00e9gard de la client\u00e8le, par l\u2019int\u00e9gration d\u2019une dose raisonnable de commercialit\u00e9 dans leur pratique, mais toujours dans le respect scrupuleux de la d\u00e9ontologie, de l\u2019\u00e9thique et du sens de la responsabilit\u00e9 [\u2026]\u00a0\u00a0\u00bb, ajoute-t-il.<\/p>\n<p>\u00ab\u00a0Un temps d\u2019avance\u00a0\u00bb<\/p>\n<p>Dans un entretien accord\u00e9 aux Petites Affiches, Me Libouban rappelle, \u00e0 juste titre, que le notaire r\u00e9dige beaucoup d\u2019actes, pas seulement des ventes ou des partages, et il souligne l\u2019avantage consid\u00e9rable que repr\u00e9sente l\u2019acte authentique r\u00e9dig\u00e9 dans les \u00e9tudes\u00a0: \u00ab\u00a0\u00a0L\u2019authenticit\u00e9 est un vecteur de s\u00e9curit\u00e9 juridique et d\u2019efficacit\u00e9. Le justiciable a tout int\u00e9r\u00eat \u00e0 profiter des atouts de l\u2019acte authentique dans de nombreux domaines. Quand on est en possession d\u2019un acte authentique, on n\u2019a pas besoin d\u2019aller voir le juge normalement\u00a0\u00a0\u00bb. <br class=\"autobr\"\/><br \/>\n\u00c0 partir de janvier, et pour un semestre, <strong>quatre parcours de formation<\/strong> (de 56 heures chacun) seront propos\u00e9s \u00e0 au moins soixante notaires du d\u00e9partement\u00a0: Family officer (gestion du patrimoine d\u2019une famille), conseil en gestion de patrimoine, strat\u00e9gie patrimoniale du dirigeant et gestion des actifs num\u00e9riques et cryptoactifs. Les formations, qui comprendront des \u00e9tudes de cas et permettront aux participants de construire un projet concret \u00e0 la fin, se d\u00e9rouleront \u00e0 Nice, \u00e0 la chambre des notaires ou dans les locaux de l\u2019EDHEC. Elles seront assur\u00e9es par des formateurs de l\u2019INAFON et des enseignants de l\u2019\u00e9cole de commerce ni\u00e7oise. \u00ab\u00a0Le d\u00e9veloppement des \u00ab\u00a0Parcours Office\u00a0\u00bb s\u2019inscrit dans la droite ligne de notre mission\u00a0: accompagner les transformations du droit en faisant ici levier sur les comp\u00e9tences\u00a0\u00a0\u00bb, souligne dans le communiqu\u00e9 <strong>Amandine Bade<\/strong>l, responsable du projet \u00e0 l\u2019EDHEC Augmented Law Institute. Pour<strong> Jean-Didier Azincourt<\/strong>, directeur g\u00e9n\u00e9ral de l\u2019INAFON, \u00ab\u00a0il s\u2019agit l\u00e0 de mani\u00e8re in\u00e9dite, d\u2019un v\u00e9ritable temps d\u2019avance pour les notaires du ressort, un espace pour consolider l\u2019excellence de la technique notariale et pour concr\u00e9tiser \u00e0 travers la formation continue professionnelle des services notariaux structur\u00e9s de demain, au b\u00e9n\u00e9fice des clients comme des offices\u00a0\u00bb.<\/p>\n<p>Photo de Une\u00a0: Me Libouban \u00a9THEUNDERSTUDIO<\/p>\n","protected":false},"excerpt":{"rendered":"La chambre d\u00e9partementale s\u2019est rapproch\u00e9e de l\u2019organisme de formation INAFON et de l\u2019EDHEC Business school dans le but&hellip;\n","protected":false},"author":2,"featured_media":627562,"comment_status":"","ping_status":"","sticky":false,"template":"","format":"standard","meta":{"footnotes":""},"categories":[2819],"tags":[1111,11,2408,1777,674,1011,27,12,2401,882,25],"class_list":{"0":"post-627561","1":"post","2":"type-post","3":"status-publish","4":"format-standard","5":"has-post-thumbnail","7":"category-nice","8":"tag-actu","9":"tag-actualites","10":"tag-appels-d","11":"tag-eu","12":"tag-europe","13":"tag-fr","14":"tag-france","15":"tag-news","16":"tag-nice","17":"tag-provence-alpes-cote-dazur","18":"tag-republique-francaise"},"share_on_mastodon":{"url":"https:\/\/pubeurope.com\/@fr\/115802855528135577","error":""},"_links":{"self":[{"href":"https:\/\/www.europesays.com\/fr\/wp-json\/wp\/v2\/posts\/627561","targetHints":{"allow":["GET"]}}],"collection":[{"href":"https:\/\/www.europesays.com\/fr\/wp-json\/wp\/v2\/posts"}],"about":[{"href":"https:\/\/www.europesays.com\/fr\/wp-json\/wp\/v2\/types\/post"}],"author":[{"embeddable":true,"href":"https:\/\/www.europesays.com\/fr\/wp-json\/wp\/v2\/users\/2"}],"replies":[{"embeddable":true,"href":"https:\/\/www.europesays.com\/fr\/wp-json\/wp\/v2\/comments?post=627561"}],"version-history":[{"count":0,"href":"https:\/\/www.europesays.com\/fr\/wp-json\/wp\/v2\/posts\/627561\/revisions"}],"wp:featuredmedia":[{"embeddable":true,"href":"https:\/\/www.europesays.com\/fr\/wp-json\/wp\/v2\/media\/627562"}],"wp:attachment":[{"href":"https:\/\/www.europesays.com\/fr\/wp-json\/wp\/v2\/media?parent=627561"}],"wp:term":[{"taxonomy":"category","embeddable":true,"href":"https:\/\/www.europesays.com\/fr\/wp-json\/wp\/v2\/categories?post=627561"},{"taxonomy":"post_tag","embeddable":true,"href":"https:\/\/www.europesays.com\/fr\/wp-json\/wp\/v2\/tags?post=627561"}],"curies":[{"name":"wp","href":"https:\/\/api.w.org\/{rel}","templated":true}]}}