{"id":627563,"date":"2025-12-29T12:28:17","date_gmt":"2025-12-29T12:28:17","guid":{"rendered":"https:\/\/www.europesays.com\/fr\/627563\/"},"modified":"2025-12-29T12:28:17","modified_gmt":"2025-12-29T12:28:17","slug":"nice-officialise-larrivee-de-claude-puel-a-la-place-de-franck-haise","status":"publish","type":"post","link":"https:\/\/www.europesays.com\/fr\/627563\/","title":{"rendered":"Nice officialise l\u2019arriv\u00e9e de Claude Puel \u00e0 la place de Franck Haise"},"content":{"rendered":"<p>\n    L\u2019OGC Nice a officialis\u00e9 le retour de Claude Puel, d\u00e9j\u00e0 pass\u00e9 sur les bancs des Aiglons, \u00e0 la t\u00eate de l\u2019\u00e9quipe. Il succ\u00e8de \u00e0 Franck Haise.<\/p>\n<p class=\"fig-paragraph\"><a href=\"http:\/\/www.lefigaro.fr\/sports\/football\/ligue-1\/claude-puel-j-ai-pris-des-coups-mais-j-ai-toujours-protege-mes-clubs-20221114\" target=\"_blank\" data-fig-type=\"NewsFlash\" rel=\"nofollow noopener\" data-gtm-custom-categorie=\"navigation\" data-gtm-custom-action=\"crossclick\" data-gtm-custom-label=\"Contextuel\" data-gtm-event=\"customEventSPE\" data-fig-domain=\"LEFIGARO\">Claude Puel<\/a>\u00a0est le nouvel entra\u00eeneur de l\u2019<a href=\"http:\/\/www.lefigaro.fr\/sports\/football\/ligue-1\/haise-sur-le-depart-puel-en-pompier-de-service-l-ogc-nice-cherche-des-solutions-pour-sortir-de-la-crise-20251228\" target=\"_blank\" data-fig-type=\"NewsFlash\" rel=\"nofollow noopener\" data-gtm-custom-categorie=\"navigation\" data-gtm-custom-action=\"crossclick\" data-gtm-custom-label=\"Contextuel\" data-gtm-event=\"customEventSPE\" data-fig-domain=\"LEFIGARO\">OGC Nice<\/a>\u00a0\u00abjusqu\u2019\u00e0 la fin de la saison\u00bb, succ\u00e9dant \u00e0 Franck Haise, a annonc\u00e9 lundi le club dans un communiqu\u00e9 de presse.<\/p>\n<p class=\"fig-paragraph\">Pass\u00e9 \u00e0 Nice de 2012 \u00e0 2016, Puel \u00abentame d\u00e8s aujourd\u2019hui sa mission prioritaire de redresser les performances de l\u2019\u00e9quipe\u00bb, qui traverse une crise depuis de longues semaines, a ajout\u00e9 le club, qui a mis fin \u00e0 sa collaboration avec Franck Haise. Une conf\u00e9rence de presse de pr\u00e9sentation est pr\u00e9vue lundi midi.<\/p>\n","protected":false},"excerpt":{"rendered":"L\u2019OGC Nice a officialis\u00e9 le retour de Claude Puel, d\u00e9j\u00e0 pass\u00e9 sur les bancs des Aiglons, \u00e0 la&hellip;\n","protected":false},"author":2,"featured_media":627564,"comment_status":"","ping_status":"","sticky":false,"template":"","format":"standard","meta":{"footnotes":""},"categories":[2819],"tags":[1111,11,73688,1777,674,1011,27,3308,12,2401,2268,882,25],"class_list":{"0":"post-627563","1":"post","2":"type-post","3":"status-publish","4":"format-standard","5":"has-post-thumbnail","7":"category-nice","8":"tag-actu","9":"tag-actualites","10":"tag-claude-puel","11":"tag-eu","12":"tag-europe","13":"tag-fr","14":"tag-france","15":"tag-franck-haise","16":"tag-news","17":"tag-nice","18":"tag-ogc-nice","19":"tag-provence-alpes-cote-dazur","20":"tag-republique-francaise"},"share_on_mastodon":{"url":"https:\/\/pubeurope.com\/@fr\/115802859526591541","error":""},"_links":{"self":[{"href":"https:\/\/www.europesays.com\/fr\/wp-json\/wp\/v2\/posts\/627563","targetHints":{"allow":["GET"]}}],"collection":[{"href":"https:\/\/www.europesays.com\/fr\/wp-json\/wp\/v2\/posts"}],"about":[{"href":"https:\/\/www.europesays.com\/fr\/wp-json\/wp\/v2\/types\/post"}],"author":[{"embeddable":true,"href":"https:\/\/www.europesays.com\/fr\/wp-json\/wp\/v2\/users\/2"}],"replies":[{"embeddable":true,"href":"https:\/\/www.europesays.com\/fr\/wp-json\/wp\/v2\/comments?post=627563"}],"version-history":[{"count":0,"href":"https:\/\/www.europesays.com\/fr\/wp-json\/wp\/v2\/posts\/627563\/revisions"}],"wp:featuredmedia":[{"embeddable":true,"href":"https:\/\/www.europesays.com\/fr\/wp-json\/wp\/v2\/media\/627564"}],"wp:attachment":[{"href":"https:\/\/www.europesays.com\/fr\/wp-json\/wp\/v2\/media?parent=627563"}],"wp:term":[{"taxonomy":"category","embeddable":true,"href":"https:\/\/www.europesays.com\/fr\/wp-json\/wp\/v2\/categories?post=627563"},{"taxonomy":"post_tag","embeddable":true,"href":"https:\/\/www.europesays.com\/fr\/wp-json\/wp\/v2\/tags?post=627563"}],"curies":[{"name":"wp","href":"https:\/\/api.w.org\/{rel}","templated":true}]}}