{"id":627569,"date":"2025-12-29T12:31:10","date_gmt":"2025-12-29T12:31:10","guid":{"rendered":"https:\/\/www.europesays.com\/fr\/627569\/"},"modified":"2025-12-29T12:31:10","modified_gmt":"2025-12-29T12:31:10","slug":"des-foyens-jouent-au-theatre-des-beaux-arts-a-bordeaux","status":"publish","type":"post","link":"https:\/\/www.europesays.com\/fr\/627569\/","title":{"rendered":"des Foyens jouent au Th\u00e9\u00e2tre des Beaux-Arts \u00e0 Bordeaux"},"content":{"rendered":"<p>Les Foyens Clothilde Aubert, son autrice\u00a0\/\u00a0interpr\u00e8te, et St\u00e9phane Colle des Fr\u00e8res Colle\u00a0\/\u00a0Drum Brothers, son metteur en sc\u00e8ne, ont pour l\u2019occasion pris le temps de partir sur une toute nouvelle version du spectacle. \u00ab\u00a0Le spectacle \u00e9volue avec notre histoire commune, donc on se devait de le faire avancer aussi\u00a0\u00bb, explique le metteur en sc\u00e8ne.<\/p>\n<p>\u00ab\u00a0Viss\u00e9e dans un fauteuil qu\u2019elle n\u2019a plus quitt\u00e9 depuis un moment, Yvonne, 30\u00a0ans, rembobine le magn\u00e9to de sa vie. Elle nous conte son parcours \u00e0 travers les grands \u00e9v\u00e9nements qui ont jalonn\u00e9 les ann\u00e9es 1980 \u00e0 nos jours. Yvonne, c\u2019est le r\u00e9cit de la g\u00e9n\u00e9ration Y, une g\u00e9n\u00e9ration qui peine \u00e0 se frayer un chemin entre r\u00e9volution et d\u00e9cadence.\u00a0\u00bb<\/p>\n<p>Une belle occasion pour les Foyens de venir (re)d\u00e9couvrir le spectacle apr\u00e8s les f\u00eates.<\/p>\n","protected":false},"excerpt":{"rendered":"Les Foyens Clothilde Aubert, son autrice\u00a0\/\u00a0interpr\u00e8te, et St\u00e9phane Colle des Fr\u00e8res Colle\u00a0\/\u00a0Drum Brothers, son metteur en sc\u00e8ne, ont&hellip;\n","protected":false},"author":2,"featured_media":627570,"comment_status":"","ping_status":"","sticky":false,"template":"","format":"standard","meta":{"footnotes":""},"categories":[2817],"tags":[1111,11,1997,1777,674,1011,27,12,2219,25],"class_list":{"0":"post-627569","1":"post","2":"type-post","3":"status-publish","4":"format-standard","5":"has-post-thumbnail","7":"category-bordeaux","8":"tag-actu","9":"tag-actualites","10":"tag-bordeaux","11":"tag-eu","12":"tag-europe","13":"tag-fr","14":"tag-france","15":"tag-news","16":"tag-nouvelle-aquitaine","17":"tag-republique-francaise"},"share_on_mastodon":{"url":"https:\/\/pubeurope.com\/@fr\/115802871319410874","error":""},"_links":{"self":[{"href":"https:\/\/www.europesays.com\/fr\/wp-json\/wp\/v2\/posts\/627569","targetHints":{"allow":["GET"]}}],"collection":[{"href":"https:\/\/www.europesays.com\/fr\/wp-json\/wp\/v2\/posts"}],"about":[{"href":"https:\/\/www.europesays.com\/fr\/wp-json\/wp\/v2\/types\/post"}],"author":[{"embeddable":true,"href":"https:\/\/www.europesays.com\/fr\/wp-json\/wp\/v2\/users\/2"}],"replies":[{"embeddable":true,"href":"https:\/\/www.europesays.com\/fr\/wp-json\/wp\/v2\/comments?post=627569"}],"version-history":[{"count":0,"href":"https:\/\/www.europesays.com\/fr\/wp-json\/wp\/v2\/posts\/627569\/revisions"}],"wp:featuredmedia":[{"embeddable":true,"href":"https:\/\/www.europesays.com\/fr\/wp-json\/wp\/v2\/media\/627570"}],"wp:attachment":[{"href":"https:\/\/www.europesays.com\/fr\/wp-json\/wp\/v2\/media?parent=627569"}],"wp:term":[{"taxonomy":"category","embeddable":true,"href":"https:\/\/www.europesays.com\/fr\/wp-json\/wp\/v2\/categories?post=627569"},{"taxonomy":"post_tag","embeddable":true,"href":"https:\/\/www.europesays.com\/fr\/wp-json\/wp\/v2\/tags?post=627569"}],"curies":[{"name":"wp","href":"https:\/\/api.w.org\/{rel}","templated":true}]}}